{"id":4928,"date":"2024-03-19T17:06:52","date_gmt":"2024-03-19T17:06:52","guid":{"rendered":"https:\/\/wes.com.pe\/?p=4928"},"modified":"2024-03-19T17:09:40","modified_gmt":"2024-03-19T17:09:40","slug":"gestion-hidrica-en-peru-desafios-y-estrategias-para-el-2024","status":"publish","type":"post","link":"https:\/\/wes.com.pe\/en\/gestion-hidrica-en-peru-desafios-y-estrategias-para-el-2024\/","title":{"rendered":"GESTI\u00d3N H\u00cdDRICA EN PER\u00da: DESAF\u00cdOS Y ESTRATEGIAS PARA EL 2024"},"content":{"rendered":"<div data-elementor-type=\"wp-post\" data-elementor-id=\"4928\" class=\"elementor elementor-4928\" data-elementor-post-type=\"post\">\n\t\t\t\t\t\t<section class=\"elementor-section elementor-top-section elementor-element elementor-element-9f111f5 elementor-section-boxed elementor-section-height-default elementor-section-height-default\" data-id=\"9f111f5\" data-element_type=\"section\" data-e-type=\"section\">\n\t\t\t\t\t\t<div class=\"elementor-container elementor-column-gap-default\">\n\t\t\t\t\t<div class=\"elementor-column elementor-col-100 elementor-top-column elementor-element elementor-element-48dea53\" data-id=\"48dea53\" data-element_type=\"column\" data-e-type=\"column\">\n\t\t\t<div class=\"elementor-widget-wrap\">\n\t\t\t\t\t\t\t<\/div>\n\t\t<\/div>\n\t\t\t\t\t<\/div>\n\t\t<\/section>\n\t\t\t\t<section class=\"elementor-section elementor-top-section elementor-element elementor-element-569638cc elementor-section-full_width elementor-section-height-default elementor-section-height-default\" data-id=\"569638cc\" data-element_type=\"section\" data-e-type=\"section\">\n\t\t\t\t\t\t\t<div class=\"elementor-background-overlay\"><\/div>\n\t\t\t\t\t\t\t<div class=\"elementor-container elementor-column-gap-default\">\n\t\t\t\t\t<div class=\"elementor-column elementor-col-100 elementor-top-column elementor-element elementor-element-26d1546a\" data-id=\"26d1546a\" data-element_type=\"column\" data-e-type=\"column\" data-settings=\"{&quot;background_background&quot;:&quot;classic&quot;}\">\n\t\t\t<div class=\"elementor-widget-wrap elementor-element-populated\">\n\t\t\t\t\t<div class=\"elementor-background-overlay\"><\/div>\n\t\t\t\t\t\t<section class=\"elementor-section elementor-inner-section elementor-element elementor-element-2cc9a6f6 elementor-section-full_width elementor-section-height-default elementor-section-height-default\" data-id=\"2cc9a6f6\" data-element_type=\"section\" data-e-type=\"section\">\n\t\t\t\t\t\t<div class=\"elementor-container elementor-column-gap-default\">\n\t\t\t\t\t<div class=\"elementor-column elementor-col-100 elementor-inner-column elementor-element elementor-element-1f25871f\" data-id=\"1f25871f\" data-element_type=\"column\" data-e-type=\"column\" data-settings=\"{&quot;background_background&quot;:&quot;classic&quot;}\">\n\t\t\t<div class=\"elementor-widget-wrap elementor-element-populated\">\n\t\t\t\t\t\t<div class=\"elementor-element elementor-element-1fb81dfd elementor-widget elementor-widget-spacer\" data-id=\"1fb81dfd\" data-element_type=\"widget\" data-e-type=\"widget\" data-widget_type=\"spacer.default\">\n\t\t\t\t<div class=\"elementor-widget-container\">\n\t\t\t\t\t\t\t<div class=\"elementor-spacer\">\n\t\t\t<div class=\"elementor-spacer-inner\"><\/div>\n\t\t<\/div>\n\t\t\t\t\t\t<\/div>\n\t\t\t\t<\/div>\n\t\t\t\t\t<\/div>\n\t\t<\/div>\n\t\t\t\t\t<\/div>\n\t\t<\/section>\n\t\t\t\t<section class=\"elementor-section elementor-inner-section elementor-element elementor-element-68095ca5 elementor-section-height-min-height elementor-section-boxed elementor-section-height-default\" data-id=\"68095ca5\" data-element_type=\"section\" data-e-type=\"section\" data-settings=\"{&quot;background_background&quot;:&quot;classic&quot;}\">\n\t\t\t\t\t\t<div class=\"elementor-container elementor-column-gap-default\">\n\t\t\t\t\t<div class=\"elementor-column elementor-col-100 elementor-inner-column elementor-element elementor-element-60a84bba\" data-id=\"60a84bba\" data-element_type=\"column\" data-e-type=\"column\" data-settings=\"{&quot;background_background&quot;:&quot;classic&quot;}\">\n\t\t\t<div class=\"elementor-widget-wrap elementor-element-populated\">\n\t\t\t\t\t\t<div class=\"elementor-element elementor-element-6ecdf102 elementor-widget elementor-widget-image\" data-id=\"6ecdf102\" data-element_type=\"widget\" data-e-type=\"widget\" data-widget_type=\"image.default\">\n\t\t\t\t<div class=\"elementor-widget-container\">\n\t\t\t\t\t\t\t\t\t\t\t\t\t\t\t<img fetchpriority=\"high\" decoding=\"async\" width=\"800\" height=\"360\" src=\"https:\/\/wes.com.pe\/wp-content\/uploads\/2024\/03\/20-DE-MARZO-1024x461.png\" class=\"attachment-large size-large wp-image-4929\" alt=\"\" srcset=\"https:\/\/wes.com.pe\/wp-content\/uploads\/2024\/03\/20-DE-MARZO-1024x461.png 1024w, https:\/\/wes.com.pe\/wp-content\/uploads\/2024\/03\/20-DE-MARZO-300x135.png 300w, https:\/\/wes.com.pe\/wp-content\/uploads\/2024\/03\/20-DE-MARZO-768x346.png 768w, https:\/\/wes.com.pe\/wp-content\/uploads\/2024\/03\/20-DE-MARZO-1536x691.png 1536w, https:\/\/wes.com.pe\/wp-content\/uploads\/2024\/03\/20-DE-MARZO-18x8.png 18w, https:\/\/wes.com.pe\/wp-content\/uploads\/2024\/03\/20-DE-MARZO.png 1920w\" sizes=\"(max-width: 800px) 100vw, 800px\" \/>\t\t\t\t\t\t\t\t\t\t\t\t\t\t\t<\/div>\n\t\t\t\t<\/div>\n\t\t\t\t<div class=\"elementor-element elementor-element-343cb788 elementor-widget elementor-widget-heading\" data-id=\"343cb788\" data-element_type=\"widget\" data-e-type=\"widget\" data-widget_type=\"heading.default\">\n\t\t\t\t<div class=\"elementor-widget-container\">\n\t\t\t\t\t<h2 class=\"elementor-heading-title elementor-size-large\">GESTI\u00d3N H\u00cdDRICA EN PER\u00da: DESAF\u00cdOS Y ESTRATEGIAS PARA EL 2024<\/h2>\t\t\t\t<\/div>\n\t\t\t\t<\/div>\n\t\t\t\t<div class=\"elementor-element elementor-element-1af32787 elementor-widget elementor-widget-text-editor\" data-id=\"1af32787\" data-element_type=\"widget\" data-e-type=\"widget\" data-widget_type=\"text-editor.default\">\n\t\t\t\t<div class=\"elementor-widget-container\">\n\t\t\t\t\t\t\t\t\t<p><span style=\"font-weight: 400;\">En la vasta y diversa geograf\u00eda de Per\u00fa, el agua emerge como un recurso de inigualable valor, esencial para el desarrollo sostenible, la prosperidad econ\u00f3mica y el bienestar de su poblaci\u00f3n. Sin embargo, la gesti\u00f3n del agua enfrenta desaf\u00edos cr\u00edticos exacerbados por la inestabilidad pol\u00edtica, la deficiencia en la administraci\u00f3n p\u00fablica y los efectos del cambio clim\u00e1tico. En este contexto, el a\u00f1o 2024 se presenta como un momento crucial para adoptar medidas concretas que aseguren un futuro h\u00eddrico sostenible para el pa\u00eds.<\/span><\/p><p><b>Desaf\u00edos en la Gesti\u00f3n del Agua en Per\u00fa<\/b><\/p><ul><li aria-level=\"1\"><b>Acceso desigual al agua potable y saneamiento:<\/b><span style=\"font-weight: 400;\"> A pesar de la riqueza h\u00eddrica del pa\u00eds, una fracci\u00f3n significativa de la poblaci\u00f3n carece de acceso a servicios b\u00e1sicos de agua y saneamiento, situaci\u00f3n que agrava la pobreza y limita el desarrollo.<\/span><\/li><\/ul><ul><li aria-level=\"1\"><b>Gobernanza h\u00eddrica fr\u00e1gil:<\/b><span style=\"font-weight: 400;\"> La alta rotaci\u00f3n de funcionarios y la politizaci\u00f3n en entidades claves como la Autoridad Nacional del Agua (ANA) debilitan la continuidad y eficacia de las pol\u00edticas de gesti\u00f3n del agua.<\/span><\/li><\/ul><ul><li aria-level=\"1\"><b>Impacto del cambio clim\u00e1tico:<\/b><span style=\"font-weight: 400;\"> Los efectos del cambio clim\u00e1tico amenazan la disponibilidad y calidad del agua, poniendo en riesgo la seguridad alimentaria, la salud y la biodiversidad.<br \/><br \/><\/span><\/li><\/ul><p><b>Estrategias Recomendadas<\/b><\/p><ul><li aria-level=\"1\"><b>Consolidar la gobernanza integrada de los recursos h\u00eddricos: <\/b><span style=\"font-weight: 400;\">Mejorar la coordinaci\u00f3n entre entidades gubernamentales y promover una gesti\u00f3n basada en cuencas hidrogr\u00e1ficas.<\/span><\/li><\/ul><ul><li aria-level=\"1\"><b>Incrementar la capacidad t\u00e9cnica de la ANA:<\/b><span style=\"font-weight: 400;\"> Integrar la gesti\u00f3n de riesgos y adaptaci\u00f3n al cambio clim\u00e1tico en la planificaci\u00f3n h\u00eddrica es fundamental para enfrentar los desaf\u00edos presentes y futuros.<\/span><\/li><\/ul><ul><li aria-level=\"1\"><b>Ampliar el acceso a servicios de agua y saneamiento:<\/b><span style=\"font-weight: 400;\"> Priorizar las inversiones en infraestructura para expandir los servicios a las poblaciones m\u00e1s vulnerables es esencial para cerrar la brecha de acceso.<\/span><\/li><\/ul><ul><li aria-level=\"1\"><b>Fortalecer la eficiencia y sostenibilidad de los proveedores de servicios: <\/b><span style=\"font-weight: 400;\">Implementar incentivos financieros y t\u00e9cnicos que promuevan pr\u00e1cticas de gesti\u00f3n eficiente y sostenible.<br \/><br \/><\/span><\/li><\/ul><p><span style=\"font-weight: 400;\">La gesti\u00f3n del agua en Per\u00fa en 2024 enfrenta desaf\u00edos complejos pero, al mismo tiempo, ofrece la oportunidad de adoptar un enfoque integrado y sostenible. Implementar las recomendaciones propuestas y abordar las causas estructurales de la crisis h\u00eddrica es esencial para asegurar que el agua, fuente de vida y desarrollo, beneficie equitativamente a todos los peruanos. La ruta hacia un futuro sostenible es clara; el compromiso y la acci\u00f3n colectiva son ahora m\u00e1s necesarios que nunca.<\/span><\/p>\t\t\t\t\t\t\t\t<\/div>\n\t\t\t\t<\/div>\n\t\t\t\t<div class=\"elementor-element elementor-element-4b51ef54 elementor-align-left elementor-mobile-align-left elementor-widget elementor-widget-post-info\" data-id=\"4b51ef54\" data-element_type=\"widget\" data-e-type=\"widget\" data-widget_type=\"post-info.default\">\n\t\t\t\t<div class=\"elementor-widget-container\">\n\t\t\t\t\t\t\t<ul class=\"elementor-inline-items elementor-icon-list-items elementor-post-info\">\n\t\t\t\t\t\t\t\t<li class=\"elementor-icon-list-item elementor-repeater-item-0f7f339 elementor-inline-item\" itemprop=\"author\">\n\t\t\t\t\t\t<a href=\"https:\/\/wes.com.pe\/en\/author\/lizbeth-ponte\/\">\n\t\t\t\t\t\t\t\t\t\t\t<span class=\"elementor-icon-list-icon\">\n\t\t\t\t\t\t\t\t<i aria-hidden=\"true\" class=\"far fa-user-circle\"><\/i>\t\t\t\t\t\t\t<\/span>\n\t\t\t\t\t\t\t\t\t<span class=\"elementor-icon-list-text elementor-post-info__item elementor-post-info__item--type-author\">\n\t\t\t\t\t\t\t\t\t\tLizbeth Ponte\t\t\t\t\t<\/span>\n\t\t\t\t\t\t\t\t\t<\/a>\n\t\t\t\t<\/li>\n\t\t\t\t<li class=\"elementor-icon-list-item elementor-repeater-item-2a4b8bd elementor-inline-item\" itemprop=\"datePublished\">\n\t\t\t\t\t\t<a href=\"https:\/\/wes.com.pe\/en\/2024\/03\/19\/\">\n\t\t\t\t\t\t\t\t\t\t\t<span class=\"elementor-icon-list-icon\">\n\t\t\t\t\t\t\t\t<i aria-hidden=\"true\" class=\"fas fa-calendar\"><\/i>\t\t\t\t\t\t\t<\/span>\n\t\t\t\t\t\t\t\t\t<span class=\"elementor-icon-list-text elementor-post-info__item elementor-post-info__item--type-date\">\n\t\t\t\t\t\t\t\t\t\t<time>March 19, 2024<\/time>\t\t\t\t\t<\/span>\n\t\t\t\t\t\t\t\t\t<\/a>\n\t\t\t\t<\/li>\n\t\t\t\t<\/ul>\n\t\t\t\t\t\t<\/div>\n\t\t\t\t<\/div>\n\t\t\t\t<div class=\"elementor-element elementor-element-2e715e79 elementor-widget elementor-widget-heading\" data-id=\"2e715e79\" data-element_type=\"widget\" data-e-type=\"widget\" data-widget_type=\"heading.default\">\n\t\t\t\t<div class=\"elementor-widget-container\">\n\t\t\t\t\t<h2 class=\"elementor-heading-title elementor-size-default\">ARCHIVE<\/h2>\t\t\t\t<\/div>\n\t\t\t\t<\/div>\n\t\t\t\t<div class=\"elementor-element elementor-element-37b1862 elementor-grid-3 elementor-grid-tablet-2 elementor-grid-mobile-1 elementor-posts--thumbnail-top elementor-card-shadow-yes elementor-posts__hover-gradient elementor-widget elementor-widget-posts\" data-id=\"37b1862\" data-element_type=\"widget\" data-e-type=\"widget\" data-settings=\"{&quot;cards_masonry&quot;:&quot;yes&quot;,&quot;pagination_type&quot;:&quot;numbers_and_prev_next&quot;,&quot;cards_columns&quot;:&quot;3&quot;,&quot;cards_columns_tablet&quot;:&quot;2&quot;,&quot;cards_columns_mobile&quot;:&quot;1&quot;,&quot;cards_row_gap&quot;:{&quot;unit&quot;:&quot;px&quot;,&quot;size&quot;:35,&quot;sizes&quot;:[]},&quot;cards_row_gap_tablet&quot;:{&quot;unit&quot;:&quot;px&quot;,&quot;size&quot;:&quot;&quot;,&quot;sizes&quot;:[]},&quot;cards_row_gap_mobile&quot;:{&quot;unit&quot;:&quot;px&quot;,&quot;size&quot;:&quot;&quot;,&quot;sizes&quot;:[]}}\" data-widget_type=\"posts.cards\">\n\t\t\t\t<div class=\"elementor-widget-container\">\n\t\t\t\t\t\t\t<div class=\"elementor-posts-container elementor-posts elementor-posts--skin-cards elementor-grid\" role=\"list\">\n\t\t\t\t<article class=\"elementor-post elementor-grid-item post-5061 post type-post status-publish format-standard has-post-thumbnail hentry category-sp\" role=\"listitem\">\n\t\t\t<div class=\"elementor-post__card\">\n\t\t\t\t<a class=\"elementor-post__thumbnail__link\" href=\"https:\/\/wes.com.pe\/en\/gestion-integrada-de-cuencas-clave-para-la-agricultura-y-mineria\/\" tabindex=\"-1\" ><div class=\"elementor-post__thumbnail\"><img decoding=\"async\" width=\"800\" height=\"375\" src=\"https:\/\/wes.com.pe\/wp-content\/uploads\/2024\/09\/Gestion-de-cuencas-hidrograficas-1024x480.png\" class=\"attachment-large size-large wp-image-5062\" alt=\"\" srcset=\"https:\/\/wes.com.pe\/wp-content\/uploads\/2024\/09\/Gestion-de-cuencas-hidrograficas-1024x480.png 1024w, https:\/\/wes.com.pe\/wp-content\/uploads\/2024\/09\/Gestion-de-cuencas-hidrograficas-300x141.png 300w, https:\/\/wes.com.pe\/wp-content\/uploads\/2024\/09\/Gestion-de-cuencas-hidrograficas-768x360.png 768w, https:\/\/wes.com.pe\/wp-content\/uploads\/2024\/09\/Gestion-de-cuencas-hidrograficas-1536x720.png 1536w, https:\/\/wes.com.pe\/wp-content\/uploads\/2024\/09\/Gestion-de-cuencas-hidrograficas-18x8.png 18w, https:\/\/wes.com.pe\/wp-content\/uploads\/2024\/09\/Gestion-de-cuencas-hidrograficas.png 1920w\" sizes=\"(max-width: 800px) 100vw, 800px\" \/><\/div><\/a>\n\t\t\t\t<div class=\"elementor-post__text\">\n\t\t\t\t<h3 class=\"elementor-post__title\">\n\t\t\t<a href=\"https:\/\/wes.com.pe\/en\/gestion-integrada-de-cuencas-clave-para-la-agricultura-y-mineria\/\" >\n\t\t\t\tGESTI\u00d3N INTEGRADA DE CUENCAS: CLAVE PARA LA AGRICULTURA Y MINER\u00cdA\t\t\t<\/a>\n\t\t<\/h3>\n\t\t\n\t\t<a class=\"elementor-post__read-more\" href=\"https:\/\/wes.com.pe\/en\/gestion-integrada-de-cuencas-clave-para-la-agricultura-y-mineria\/\" aria-label=\"Read more about GESTI\u00d3N INTEGRADA DE CUENCAS: CLAVE PARA LA AGRICULTURA Y MINER\u00cdA\" tabindex=\"-1\" >\n\t\t\tRead more\t\t<\/a>\n\n\t\t\t\t<\/div>\n\t\t\t\t<div class=\"elementor-post__meta-data\">\n\t\t\t\t\t<span class=\"elementor-post-date\">\n\t\t\tSeptember 23, 2024\t\t<\/span>\n\t\t\t\t<span class=\"elementor-post-avatar\">\n\t\t\tNo Comments\t\t<\/span>\n\t\t\t\t<\/div>\n\t\t\t\t\t<\/div>\n\t\t<\/article>\n\t\t\t\t<article class=\"elementor-post elementor-grid-item post-5054 post type-post status-publish format-standard has-post-thumbnail hentry category-sp\" role=\"listitem\">\n\t\t\t<div class=\"elementor-post__card\">\n\t\t\t\t<a class=\"elementor-post__thumbnail__link\" href=\"https:\/\/wes.com.pe\/en\/economia-circular-claves-en-la-gestion-de-recursos-naturales\/\" tabindex=\"-1\" ><div class=\"elementor-post__thumbnail\"><img decoding=\"async\" width=\"800\" height=\"375\" src=\"https:\/\/wes.com.pe\/wp-content\/uploads\/2024\/09\/Mineria-y-Agricultura-1024x480.png\" class=\"attachment-large size-large wp-image-5055\" alt=\"\" srcset=\"https:\/\/wes.com.pe\/wp-content\/uploads\/2024\/09\/Mineria-y-Agricultura-1024x480.png 1024w, https:\/\/wes.com.pe\/wp-content\/uploads\/2024\/09\/Mineria-y-Agricultura-300x141.png 300w, https:\/\/wes.com.pe\/wp-content\/uploads\/2024\/09\/Mineria-y-Agricultura-768x360.png 768w, https:\/\/wes.com.pe\/wp-content\/uploads\/2024\/09\/Mineria-y-Agricultura-1536x720.png 1536w, https:\/\/wes.com.pe\/wp-content\/uploads\/2024\/09\/Mineria-y-Agricultura-18x8.png 18w, https:\/\/wes.com.pe\/wp-content\/uploads\/2024\/09\/Mineria-y-Agricultura.png 1920w\" sizes=\"(max-width: 800px) 100vw, 800px\" \/><\/div><\/a>\n\t\t\t\t<div class=\"elementor-post__text\">\n\t\t\t\t<h3 class=\"elementor-post__title\">\n\t\t\t<a href=\"https:\/\/wes.com.pe\/en\/economia-circular-claves-en-la-gestion-de-recursos-naturales\/\" >\n\t\t\t\tECONOM\u00cdA CIRCULAR: CLAVES EN LA GESTI\u00d3N DE RECURSOS NATURALES\t\t\t<\/a>\n\t\t<\/h3>\n\t\t\n\t\t<a class=\"elementor-post__read-more\" href=\"https:\/\/wes.com.pe\/en\/economia-circular-claves-en-la-gestion-de-recursos-naturales\/\" aria-label=\"Read more about ECONOM\u00cdA CIRCULAR: CLAVES EN LA GESTI\u00d3N DE RECURSOS NATURALES\" tabindex=\"-1\" >\n\t\t\tRead more\t\t<\/a>\n\n\t\t\t\t<\/div>\n\t\t\t\t<div class=\"elementor-post__meta-data\">\n\t\t\t\t\t<span class=\"elementor-post-date\">\n\t\t\tSeptember 16, 2024\t\t<\/span>\n\t\t\t\t<span class=\"elementor-post-avatar\">\n\t\t\tNo Comments\t\t<\/span>\n\t\t\t\t<\/div>\n\t\t\t\t\t<\/div>\n\t\t<\/article>\n\t\t\t\t<\/div>\n\t\t\n\t\t\t\t<div class=\"e-load-more-anchor\" data-page=\"1\" data-max-page=\"34\" data-next-page=\"https:\/\/wes.com.pe\/en\/wp-json\/wp\/v2\/posts\/4928\/page\/2\/\"><\/div>\n\t\t\t\t<nav class=\"elementor-pagination\" aria-label=\"Pagination\">\n\t\t\t<span class=\"page-numbers prev\">Previous<\/span>\n<span aria-current=\"page\" class=\"page-numbers current\"><span class=\"elementor-screen-only\">Page<\/span>1<\/span>\n<a class=\"page-numbers\" href=\"https:\/\/wes.com.pe\/en\/wp-json\/wp\/v2\/posts\/4928\/page\/2\/\"><span class=\"elementor-screen-only\">Page<\/span>2<\/a>\n<a class=\"page-numbers\" href=\"https:\/\/wes.com.pe\/en\/wp-json\/wp\/v2\/posts\/4928\/page\/3\/\"><span class=\"elementor-screen-only\">Page<\/span>3<\/a>\n<a class=\"page-numbers\" href=\"https:\/\/wes.com.pe\/en\/wp-json\/wp\/v2\/posts\/4928\/page\/4\/\"><span class=\"elementor-screen-only\">Page<\/span>4<\/a>\n<a class=\"page-numbers next\" href=\"https:\/\/wes.com.pe\/en\/wp-json\/wp\/v2\/posts\/4928\/page\/2\/\">Next<\/a>\t\t<\/nav>\n\t\t\t\t\t\t<\/div>\n\t\t\t\t<\/div>\n\t\t\t\t\t<\/div>\n\t\t<\/div>\n\t\t\t\t\t<\/div>\n\t\t<\/section>\n\t\t\t\t\t<\/div>\n\t\t<\/div>\n\t\t\t\t\t<\/div>\n\t\t<\/section>\n\t\t\t\t<\/div>","protected":false},"excerpt":{"rendered":"<p>En la vasta y diversa geograf\u00eda de Per\u00fa, el agua emerge como un recurso de inigualable valor, esencial para el desarrollo sostenible, la prosperidad econ\u00f3mica y el bienestar de su poblaci\u00f3n.<\/p>","protected":false},"author":8,"featured_media":4929,"comment_status":"closed","ping_status":"open","sticky":false,"template":"","format":"standard","meta":{"footnotes":""},"categories":[27],"tags":[],"class_list":["post-4928","post","type-post","status-publish","format-standard","has-post-thumbnail","hentry","category-sp"],"aioseo_notices":[],"aioseo_head":"\n\t\t<!-- All in One SEO 5.0.0.1 - aioseo.com -->\n\t<meta name=\"description\" content=\"La econom\u00eda circular revoluciona la gesti\u00f3n de recursos al enfocarse en la reutilizaci\u00f3n, el reciclaje y la regeneraci\u00f3n, optimizando el uso de materiales y generando nuevas oportunidades econ\u00f3micas.\" \/>\n\t<meta name=\"robots\" content=\"max-image-preview:large\" \/>\n\t<meta name=\"author\" content=\"Lizbeth Ponte\"\/>\n\t<link rel=\"canonical\" href=\"https:\/\/wes.com.pe\/en\/economia-circular-claves-en-la-gestion-de-recursos-naturales\/\" \/>\n\t<meta name=\"generator\" content=\"All in One SEO (AIOSEO) 5.0.0.1\" \/>\n\t\t<meta property=\"og:locale\" content=\"en_US\" \/>\n\t\t<meta property=\"og:site_name\" content=\"WES PER\u00da - Consultora Ambiental\" \/>\n\t\t<meta property=\"og:type\" content=\"article\" \/>\n\t\t<meta property=\"og:title\" content=\"ECONOM\u00cdA CIRCULAR: CLAVES EN LA GESTI\u00d3N DE RECURSOS NATURALES - WES PER\u00da\" \/>\n\t\t<meta property=\"og:description\" content=\"La econom\u00eda circular revoluciona la gesti\u00f3n de recursos al enfocarse en la reutilizaci\u00f3n, el reciclaje y la regeneraci\u00f3n, optimizando el uso de materiales y generando nuevas oportunidades econ\u00f3micas.\" \/>\n\t\t<meta property=\"og:url\" content=\"https:\/\/wes.com.pe\/en\/economia-circular-claves-en-la-gestion-de-recursos-naturales\/\" \/>\n\t\t<meta property=\"og:image\" content=\"https:\/\/wes.com.pe\/wp-content\/uploads\/2024\/09\/Mineria-y-Agricultura.png\" \/>\n\t\t<meta property=\"og:image:secure_url\" content=\"https:\/\/wes.com.pe\/wp-content\/uploads\/2024\/09\/Mineria-y-Agricultura.png\" \/>\n\t\t<meta property=\"og:image:width\" content=\"1920\" \/>\n\t\t<meta property=\"og:image:height\" content=\"900\" \/>\n\t\t<meta property=\"article:published_time\" content=\"2024-09-16T14:39:13+00:00\" \/>\n\t\t<meta property=\"article:modified_time\" content=\"2024-09-16T14:40:43+00:00\" \/>\n\t\t<meta name=\"twitter:card\" content=\"summary\" \/>\n\t\t<meta name=\"twitter:title\" content=\"ECONOM\u00cdA CIRCULAR: CLAVES EN LA GESTI\u00d3N DE RECURSOS NATURALES - WES PER\u00da\" \/>\n\t\t<meta name=\"twitter:description\" content=\"La econom\u00eda circular revoluciona la gesti\u00f3n de recursos al enfocarse en la reutilizaci\u00f3n, el reciclaje y la regeneraci\u00f3n, optimizando el uso de materiales y generando nuevas oportunidades econ\u00f3micas.\" \/>\n\t\t<meta name=\"twitter:image\" content=\"https:\/\/wes.com.pe\/wp-content\/uploads\/2023\/11\/WES-BLOG-Cambio-climatico-1-2-e1700168836106.png\" \/>\n\t\t<script type=\"application\/ld+json\" class=\"aioseo-schema\">\n\t\t\t{\"@context\":\"https:\\\/\\\/schema.org\",\"@graph\":[{\"@type\":\"BlogPosting\",\"@id\":\"https:\\\/\\\/wes.com.pe\\\/en\\\/economia-circular-claves-en-la-gestion-de-recursos-naturales\\\/#blogposting\",\"name\":\"ECONOM\\u00cdA CIRCULAR: CLAVES EN LA GESTI\\u00d3N DE RECURSOS NATURALES - WES PER\\u00da\",\"headline\":\"ECONOM\\u00cdA CIRCULAR: CLAVES EN LA GESTI\\u00d3N DE RECURSOS NATURALES\",\"author\":{\"@id\":\"https:\\\/\\\/wes.com.pe\\\/en\\\/author\\\/lizbeth-ponte\\\/#author\"},\"publisher\":{\"@id\":\"https:\\\/\\\/wes.com.pe\\\/en\\\/#organization\"},\"image\":{\"@type\":\"ImageObject\",\"url\":\"https:\\\/\\\/wes.com.pe\\\/wp-content\\\/uploads\\\/2024\\\/09\\\/Mineria-y-Agricultura.png\",\"width\":1920,\"height\":900},\"datePublished\":\"2024-09-16T14:39:13+00:00\",\"dateModified\":\"2024-09-16T14:40:43+00:00\",\"inLanguage\":\"en-US\",\"mainEntityOfPage\":{\"@id\":\"https:\\\/\\\/wes.com.pe\\\/en\\\/economia-circular-claves-en-la-gestion-de-recursos-naturales\\\/#webpage\"},\"isPartOf\":{\"@id\":\"https:\\\/\\\/wes.com.pe\\\/en\\\/economia-circular-claves-en-la-gestion-de-recursos-naturales\\\/#webpage\"},\"articleSection\":\"Espa\\u00f1ol\"},{\"@type\":\"BreadcrumbList\",\"@id\":\"https:\\\/\\\/wes.com.pe\\\/en\\\/economia-circular-claves-en-la-gestion-de-recursos-naturales\\\/#breadcrumblist\",\"itemListElement\":[{\"@type\":\"ListItem\",\"@id\":\"https:\\\/\\\/wes.com.pe\\\/en#listItem\",\"position\":1,\"name\":\"Inicio\",\"item\":\"https:\\\/\\\/wes.com.pe\\\/en\",\"nextItem\":{\"@type\":\"ListItem\",\"@id\":\"https:\\\/\\\/wes.com.pe\\\/en\\\/category\\\/sp\\\/#listItem\",\"name\":\"Espa\\u00f1ol\"}},{\"@type\":\"ListItem\",\"@id\":\"https:\\\/\\\/wes.com.pe\\\/en\\\/category\\\/sp\\\/#listItem\",\"position\":2,\"name\":\"Espa\\u00f1ol\",\"item\":\"https:\\\/\\\/wes.com.pe\\\/en\\\/category\\\/sp\\\/\",\"nextItem\":{\"@type\":\"ListItem\",\"@id\":\"https:\\\/\\\/wes.com.pe\\\/en\\\/gestion-hidrica-en-peru-desafios-y-estrategias-para-el-2024\\\/#listItem\",\"name\":\"GESTI\\u00d3N H\\u00cdDRICA EN PER\\u00da: DESAF\\u00cdOS Y ESTRATEGIAS PARA EL 2024\"},\"previousItem\":{\"@type\":\"ListItem\",\"@id\":\"https:\\\/\\\/wes.com.pe\\\/en#listItem\",\"name\":\"Inicio\"}},{\"@type\":\"ListItem\",\"@id\":\"https:\\\/\\\/wes.com.pe\\\/en\\\/gestion-hidrica-en-peru-desafios-y-estrategias-para-el-2024\\\/#listItem\",\"position\":3,\"name\":\"GESTI\\u00d3N H\\u00cdDRICA EN PER\\u00da: DESAF\\u00cdOS Y ESTRATEGIAS PARA EL 2024\",\"previousItem\":{\"@type\":\"ListItem\",\"@id\":\"https:\\\/\\\/wes.com.pe\\\/en\\\/category\\\/sp\\\/#listItem\",\"name\":\"Espa\\u00f1ol\"}}]},{\"@type\":\"Organization\",\"@id\":\"https:\\\/\\\/wes.com.pe\\\/en\\\/#organization\",\"name\":\"WES PER\\u00da\",\"description\":\"Consultora Ambiental\",\"url\":\"https:\\\/\\\/wes.com.pe\\\/en\\\/\",\"telephone\":\"+51985544885\",\"logo\":{\"@type\":\"ImageObject\",\"url\":\"http:\\\/\\\/wes.com.pe\\\/wp-content\\\/uploads\\\/2021\\\/11\\\/logo-wes-1024x509.png\",\"@id\":\"https:\\\/\\\/wes.com.pe\\\/en\\\/economia-circular-claves-en-la-gestion-de-recursos-naturales\\\/#organizationLogo\"},\"image\":{\"@id\":\"https:\\\/\\\/wes.com.pe\\\/en\\\/economia-circular-claves-en-la-gestion-de-recursos-naturales\\\/#organizationLogo\"}},{\"@type\":\"Person\",\"@id\":\"https:\\\/\\\/wes.com.pe\\\/en\\\/author\\\/lizbeth-ponte\\\/#author\",\"url\":\"https:\\\/\\\/wes.com.pe\\\/en\\\/author\\\/lizbeth-ponte\\\/\",\"name\":\"Lizbeth Ponte\",\"image\":{\"@type\":\"ImageObject\",\"@id\":\"https:\\\/\\\/wes.com.pe\\\/en\\\/economia-circular-claves-en-la-gestion-de-recursos-naturales\\\/#authorImage\",\"url\":\"https:\\\/\\\/secure.gravatar.com\\\/avatar\\\/f7e9022bed305dd95c4db293f70ad52d346367e81e85efa3c933e79033bb8753?s=96&d=mm&r=g\",\"width\":96,\"height\":96,\"caption\":\"Lizbeth Ponte\"}},{\"@type\":\"WebPage\",\"@id\":\"https:\\\/\\\/wes.com.pe\\\/en\\\/economia-circular-claves-en-la-gestion-de-recursos-naturales\\\/#webpage\",\"url\":\"https:\\\/\\\/wes.com.pe\\\/en\\\/economia-circular-claves-en-la-gestion-de-recursos-naturales\\\/\",\"name\":\"ECONOM\\u00cdA CIRCULAR: CLAVES EN LA GESTI\\u00d3N DE RECURSOS NATURALES - WES PER\\u00da\",\"description\":\"La econom\\u00eda circular revoluciona la gesti\\u00f3n de recursos al enfocarse en la reutilizaci\\u00f3n, el reciclaje y la regeneraci\\u00f3n, optimizando el uso de materiales y generando nuevas oportunidades econ\\u00f3micas.\",\"inLanguage\":\"en-US\",\"isPartOf\":{\"@id\":\"https:\\\/\\\/wes.com.pe\\\/en\\\/#website\"},\"breadcrumb\":{\"@id\":\"https:\\\/\\\/wes.com.pe\\\/en\\\/economia-circular-claves-en-la-gestion-de-recursos-naturales\\\/#breadcrumblist\"},\"author\":{\"@id\":\"https:\\\/\\\/wes.com.pe\\\/en\\\/author\\\/lizbeth-ponte\\\/#author\"},\"creator\":{\"@id\":\"https:\\\/\\\/wes.com.pe\\\/en\\\/author\\\/lizbeth-ponte\\\/#author\"},\"image\":{\"@type\":\"ImageObject\",\"url\":\"https:\\\/\\\/wes.com.pe\\\/wp-content\\\/uploads\\\/2024\\\/09\\\/Mineria-y-Agricultura.png\",\"@id\":\"https:\\\/\\\/wes.com.pe\\\/en\\\/economia-circular-claves-en-la-gestion-de-recursos-naturales\\\/#mainImage\",\"width\":1920,\"height\":900},\"primaryImageOfPage\":{\"@id\":\"https:\\\/\\\/wes.com.pe\\\/en\\\/economia-circular-claves-en-la-gestion-de-recursos-naturales\\\/#mainImage\"},\"datePublished\":\"2024-09-16T14:39:13+00:00\",\"dateModified\":\"2024-09-16T14:40:43+00:00\"},{\"@type\":\"WebSite\",\"@id\":\"https:\\\/\\\/wes.com.pe\\\/en\\\/#website\",\"url\":\"https:\\\/\\\/wes.com.pe\\\/en\\\/\",\"name\":\"WES PER\\u00da\",\"description\":\"Consultora Ambiental\",\"inLanguage\":\"en-US\",\"publisher\":{\"@id\":\"https:\\\/\\\/wes.com.pe\\\/en\\\/#organization\"}}]}\n\t\t<\/script>\n\t\t<!-- All in One SEO -->\n\n","aioseo_head_json":{"title":"ECONOM\u00cdA CIRCULAR: CLAVES EN LA GESTI\u00d3N DE RECURSOS NATURALES - WES PER\u00da","description":"La econom\u00eda circular revoluciona la gesti\u00f3n de recursos al enfocarse en la reutilizaci\u00f3n, el reciclaje y la regeneraci\u00f3n, optimizando el uso de materiales y generando nuevas oportunidades econ\u00f3micas.","canonical_url":"https:\/\/wes.com.pe\/en\/economia-circular-claves-en-la-gestion-de-recursos-naturales\/","robots":"max-image-preview:large","keywords":"","webmasterTools":{"miscellaneous":""},"schema":{"@context":"https:\/\/schema.org","@graph":[{"@type":"BlogPosting","@id":"https:\/\/wes.com.pe\/en\/economia-circular-claves-en-la-gestion-de-recursos-naturales\/#blogposting","name":"ECONOM\u00cdA CIRCULAR: CLAVES EN LA GESTI\u00d3N DE RECURSOS NATURALES - WES PER\u00da","headline":"ECONOM\u00cdA CIRCULAR: CLAVES EN LA GESTI\u00d3N DE RECURSOS NATURALES","author":{"@id":"https:\/\/wes.com.pe\/en\/author\/lizbeth-ponte\/#author"},"publisher":{"@id":"https:\/\/wes.com.pe\/en\/#organization"},"image":{"@type":"ImageObject","url":"https:\/\/wes.com.pe\/wp-content\/uploads\/2024\/09\/Mineria-y-Agricultura.png","width":1920,"height":900},"datePublished":"2024-09-16T14:39:13+00:00","dateModified":"2024-09-16T14:40:43+00:00","inLanguage":"en-US","mainEntityOfPage":{"@id":"https:\/\/wes.com.pe\/en\/economia-circular-claves-en-la-gestion-de-recursos-naturales\/#webpage"},"isPartOf":{"@id":"https:\/\/wes.com.pe\/en\/economia-circular-claves-en-la-gestion-de-recursos-naturales\/#webpage"},"articleSection":"Espa\u00f1ol"},{"@type":"BreadcrumbList","@id":"https:\/\/wes.com.pe\/en\/economia-circular-claves-en-la-gestion-de-recursos-naturales\/#breadcrumblist","itemListElement":[{"@type":"ListItem","@id":"https:\/\/wes.com.pe\/en#listItem","position":1,"name":"Inicio","item":"https:\/\/wes.com.pe\/en","nextItem":{"@type":"ListItem","@id":"https:\/\/wes.com.pe\/en\/category\/sp\/#listItem","name":"Espa\u00f1ol"}},{"@type":"ListItem","@id":"https:\/\/wes.com.pe\/en\/category\/sp\/#listItem","position":2,"name":"Espa\u00f1ol","item":"https:\/\/wes.com.pe\/en\/category\/sp\/","nextItem":{"@type":"ListItem","@id":"https:\/\/wes.com.pe\/en\/gestion-hidrica-en-peru-desafios-y-estrategias-para-el-2024\/#listItem","name":"GESTI\u00d3N H\u00cdDRICA EN PER\u00da: DESAF\u00cdOS Y ESTRATEGIAS PARA EL 2024"},"previousItem":{"@type":"ListItem","@id":"https:\/\/wes.com.pe\/en#listItem","name":"Inicio"}},{"@type":"ListItem","@id":"https:\/\/wes.com.pe\/en\/gestion-hidrica-en-peru-desafios-y-estrategias-para-el-2024\/#listItem","position":3,"name":"GESTI\u00d3N H\u00cdDRICA EN PER\u00da: DESAF\u00cdOS Y ESTRATEGIAS PARA EL 2024","previousItem":{"@type":"ListItem","@id":"https:\/\/wes.com.pe\/en\/category\/sp\/#listItem","name":"Espa\u00f1ol"}}]},{"@type":"Organization","@id":"https:\/\/wes.com.pe\/en\/#organization","name":"WES PER\u00da","description":"Consultora Ambiental","url":"https:\/\/wes.com.pe\/en\/","telephone":"+51985544885","logo":{"@type":"ImageObject","url":"http:\/\/wes.com.pe\/wp-content\/uploads\/2021\/11\/logo-wes-1024x509.png","@id":"https:\/\/wes.com.pe\/en\/economia-circular-claves-en-la-gestion-de-recursos-naturales\/#organizationLogo"},"image":{"@id":"https:\/\/wes.com.pe\/en\/economia-circular-claves-en-la-gestion-de-recursos-naturales\/#organizationLogo"}},{"@type":"Person","@id":"https:\/\/wes.com.pe\/en\/author\/lizbeth-ponte\/#author","url":"https:\/\/wes.com.pe\/en\/author\/lizbeth-ponte\/","name":"Lizbeth Ponte","image":{"@type":"ImageObject","@id":"https:\/\/wes.com.pe\/en\/economia-circular-claves-en-la-gestion-de-recursos-naturales\/#authorImage","url":"https:\/\/secure.gravatar.com\/avatar\/f7e9022bed305dd95c4db293f70ad52d346367e81e85efa3c933e79033bb8753?s=96&d=mm&r=g","width":96,"height":96,"caption":"Lizbeth Ponte"}},{"@type":"WebPage","@id":"https:\/\/wes.com.pe\/en\/economia-circular-claves-en-la-gestion-de-recursos-naturales\/#webpage","url":"https:\/\/wes.com.pe\/en\/economia-circular-claves-en-la-gestion-de-recursos-naturales\/","name":"ECONOM\u00cdA CIRCULAR: CLAVES EN LA GESTI\u00d3N DE RECURSOS NATURALES - WES PER\u00da","description":"La econom\u00eda circular revoluciona la gesti\u00f3n de recursos al enfocarse en la reutilizaci\u00f3n, el reciclaje y la regeneraci\u00f3n, optimizando el uso de materiales y generando nuevas oportunidades econ\u00f3micas.","inLanguage":"en-US","isPartOf":{"@id":"https:\/\/wes.com.pe\/en\/#website"},"breadcrumb":{"@id":"https:\/\/wes.com.pe\/en\/economia-circular-claves-en-la-gestion-de-recursos-naturales\/#breadcrumblist"},"author":{"@id":"https:\/\/wes.com.pe\/en\/author\/lizbeth-ponte\/#author"},"creator":{"@id":"https:\/\/wes.com.pe\/en\/author\/lizbeth-ponte\/#author"},"image":{"@type":"ImageObject","url":"https:\/\/wes.com.pe\/wp-content\/uploads\/2024\/09\/Mineria-y-Agricultura.png","@id":"https:\/\/wes.com.pe\/en\/economia-circular-claves-en-la-gestion-de-recursos-naturales\/#mainImage","width":1920,"height":900},"primaryImageOfPage":{"@id":"https:\/\/wes.com.pe\/en\/economia-circular-claves-en-la-gestion-de-recursos-naturales\/#mainImage"},"datePublished":"2024-09-16T14:39:13+00:00","dateModified":"2024-09-16T14:40:43+00:00"},{"@type":"WebSite","@id":"https:\/\/wes.com.pe\/en\/#website","url":"https:\/\/wes.com.pe\/en\/","name":"WES PER\u00da","description":"Consultora Ambiental","inLanguage":"en-US","publisher":{"@id":"https:\/\/wes.com.pe\/en\/#organization"}}]},"og:locale":"en_US","og:site_name":"WES PER\u00da - Consultora Ambiental","og:type":"article","og:title":"ECONOM\u00cdA CIRCULAR: CLAVES EN LA GESTI\u00d3N DE RECURSOS NATURALES - WES PER\u00da","og:description":"La econom\u00eda circular revoluciona la gesti\u00f3n de recursos al enfocarse en la reutilizaci\u00f3n, el reciclaje y la regeneraci\u00f3n, optimizando el uso de materiales y generando nuevas oportunidades econ\u00f3micas.","og:url":"https:\/\/wes.com.pe\/en\/economia-circular-claves-en-la-gestion-de-recursos-naturales\/","og:image":"https:\/\/wes.com.pe\/wp-content\/uploads\/2024\/09\/Mineria-y-Agricultura.png","og:image:secure_url":"https:\/\/wes.com.pe\/wp-content\/uploads\/2024\/09\/Mineria-y-Agricultura.png","og:image:width":"1920","og:image:height":"900","article:published_time":"2024-09-16T14:39:13+00:00","article:modified_time":"2024-09-16T14:40:43+00:00","twitter:card":"summary","twitter:title":"ECONOM\u00cdA CIRCULAR: CLAVES EN LA GESTI\u00d3N DE RECURSOS NATURALES - WES PER\u00da","twitter:description":"La econom\u00eda circular revoluciona la gesti\u00f3n de recursos al enfocarse en la reutilizaci\u00f3n, el reciclaje y la regeneraci\u00f3n, optimizando el uso de materiales y generando nuevas oportunidades econ\u00f3micas.","twitter:image":"https:\/\/wes.com.pe\/wp-content\/uploads\/2023\/11\/WES-BLOG-Cambio-climatico-1-2-e1700168836106.png"},"aioseo_meta_data":{"post_id":"4928","title":null,"description":null,"keywords":[],"keyphrases":{"focus":{"keyphrase":"","score":0,"analysis":{"keyphraseInTitle":{"score":0,"maxScore":9,"error":1}}},"additional":[]},"primary_term":null,"canonical_url":null,"og_title":"#post_title #separator_sa #site_title","og_description":null,"og_object_type":"default","og_image_type":"featured","og_image_url":"https:\/\/wes.com.pe\/wp-content\/uploads\/2024\/03\/20-DE-MARZO.png","og_image_width":"4137","og_image_height":"2057","og_image_custom_url":null,"og_image_custom_fields":null,"og_video":"","og_custom_url":null,"og_article_section":null,"og_article_tags":[],"twitter_use_og":false,"twitter_card":"default","twitter_image_type":"custom_image","twitter_image_url":"https:\/\/wes.com.pe\/wp-content\/uploads\/2023\/11\/WES-BLOG-Cambio-climatico-1-2-e1700168836106.png","twitter_image_custom_url":"http:\/\/wes.com.pe\/wp-content\/uploads\/2023\/11\/WES-BLOG-Cambio-climatico-1-2-e1700168836106.png","twitter_image_custom_fields":null,"twitter_title":"#post_title #separator_sa #site_title","twitter_description":null,"schema":{"blockGraphs":[],"customGraphs":[],"default":{"data":{"Article":[],"Course":[],"Dataset":[],"FAQPage":[],"Movie":[],"Person":[],"Product":[],"ProductReview":[],"Car":[],"Recipe":[],"Service":[],"SoftwareApplication":[],"WebPage":[]},"graphName":"BlogPosting","isEnabled":true},"graphs":[]},"schema_type":"default","schema_type_options":null,"pillar_content":false,"robots_default":true,"robots_noindex":false,"robots_noarchive":false,"robots_nosnippet":false,"robots_nofollow":false,"robots_noimageindex":false,"robots_noodp":false,"robots_notranslate":false,"robots_max_snippet":"-1","robots_max_videopreview":"-1","robots_max_imagepreview":"large","priority":null,"frequency":"default","local_seo":null,"breadcrumb_settings":null,"limit_modified_date":false,"ai":null,"created":"2024-03-19 16:53:08","updated":"2025-07-04 16:42:10","focus_keyword":null,"additional_keywords":null,"truseo_locale":null,"seo_analyzer_scan_date":null},"aioseo_breadcrumb":"<div class=\"aioseo-breadcrumbs\"><span class=\"aioseo-breadcrumb\">\n\t\t\t<a href=\"https:\/\/wes.com.pe\/en\" title=\"Inicio\">Inicio<\/a>\n\t\t<\/span><span class=\"aioseo-breadcrumb-separator\">&raquo;<\/span><span class=\"aioseo-breadcrumb\">\n\t\t\t<a href=\"https:\/\/wes.com.pe\/en\/category\/sp\/\" title=\"Espa\u00f1ol\">Espa\u00f1ol<\/a>\n\t\t<\/span><span class=\"aioseo-breadcrumb-separator\">&raquo;<\/span><span class=\"aioseo-breadcrumb\">\n\t\t\tGESTI\u00d3N H\u00cdDRICA EN PER\u00da: DESAF\u00cdOS Y ESTRATEGIAS PARA EL 2024\n\t\t<\/span><\/div>","aioseo_breadcrumb_json":[{"label":"Inicio","link":"https:\/\/wes.com.pe\/en"},{"label":"Espa\u00f1ol","link":"https:\/\/wes.com.pe\/en\/category\/sp\/"},{"label":"GESTI\u00d3N H\u00cdDRICA EN PER\u00da: DESAF\u00cdOS Y ESTRATEGIAS PARA EL 2024","link":"https:\/\/wes.com.pe\/en\/gestion-hidrica-en-peru-desafios-y-estrategias-para-el-2024\/"}],"_links":{"self":[{"href":"https:\/\/wes.com.pe\/en\/wp-json\/wp\/v2\/posts\/4928","targetHints":{"allow":["GET"]}}],"collection":[{"href":"https:\/\/wes.com.pe\/en\/wp-json\/wp\/v2\/posts"}],"about":[{"href":"https:\/\/wes.com.pe\/en\/wp-json\/wp\/v2\/types\/post"}],"author":[{"embeddable":true,"href":"https:\/\/wes.com.pe\/en\/wp-json\/wp\/v2\/users\/8"}],"replies":[{"embeddable":true,"href":"https:\/\/wes.com.pe\/en\/wp-json\/wp\/v2\/comments?post=4928"}],"version-history":[{"count":4,"href":"https:\/\/wes.com.pe\/en\/wp-json\/wp\/v2\/posts\/4928\/revisions"}],"predecessor-version":[{"id":4933,"href":"https:\/\/wes.com.pe\/en\/wp-json\/wp\/v2\/posts\/4928\/revisions\/4933"}],"wp:featuredmedia":[{"embeddable":true,"href":"https:\/\/wes.com.pe\/en\/wp-json\/wp\/v2\/media\/4929"}],"wp:attachment":[{"href":"https:\/\/wes.com.pe\/en\/wp-json\/wp\/v2\/media?parent=4928"}],"wp:term":[{"taxonomy":"category","embeddable":true,"href":"https:\/\/wes.com.pe\/en\/wp-json\/wp\/v2\/categories?post=4928"},{"taxonomy":"post_tag","embeddable":true,"href":"https:\/\/wes.com.pe\/en\/wp-json\/wp\/v2\/tags?post=4928"}],"curies":[{"name":"wp","href":"https:\/\/api.w.org\/{rel}","templated":true}]}}