{"id":5034,"date":"2024-08-13T16:31:25","date_gmt":"2024-08-13T16:31:25","guid":{"rendered":"https:\/\/wes.com.pe\/?p=5034"},"modified":"2024-08-13T16:36:54","modified_gmt":"2024-08-13T16:36:54","slug":"hidrogeoquimica-y-nuevas-tecnologias-en-la-gestion-de-aguas-subterraneas","status":"publish","type":"post","link":"https:\/\/wes.com.pe\/en\/hidrogeoquimica-y-nuevas-tecnologias-en-la-gestion-de-aguas-subterraneas\/","title":{"rendered":"HIDROGEOQU\u00cdMICA Y NUEVAS TECNOLOG\u00cdAS EN LA GESTI\u00d3N DE AGUAS SUBTERR\u00c1NEAS"},"content":{"rendered":"<div data-elementor-type=\"wp-post\" data-elementor-id=\"5034\" class=\"elementor elementor-5034\" data-elementor-post-type=\"post\">\n\t\t\t\t\t\t<section class=\"elementor-section elementor-top-section elementor-element elementor-element-9f111f5 elementor-section-boxed elementor-section-height-default elementor-section-height-default\" data-id=\"9f111f5\" data-element_type=\"section\" data-e-type=\"section\">\n\t\t\t\t\t\t<div class=\"elementor-container elementor-column-gap-default\">\n\t\t\t\t\t<div class=\"elementor-column elementor-col-100 elementor-top-column elementor-element elementor-element-48dea53\" data-id=\"48dea53\" data-element_type=\"column\" data-e-type=\"column\">\n\t\t\t<div class=\"elementor-widget-wrap\">\n\t\t\t\t\t\t\t<\/div>\n\t\t<\/div>\n\t\t\t\t\t<\/div>\n\t\t<\/section>\n\t\t\t\t<section class=\"elementor-section elementor-top-section elementor-element elementor-element-569638cc elementor-section-full_width elementor-section-height-default elementor-section-height-default\" data-id=\"569638cc\" data-element_type=\"section\" data-e-type=\"section\">\n\t\t\t\t\t\t\t<div class=\"elementor-background-overlay\"><\/div>\n\t\t\t\t\t\t\t<div class=\"elementor-container elementor-column-gap-default\">\n\t\t\t\t\t<div class=\"elementor-column elementor-col-100 elementor-top-column elementor-element elementor-element-26d1546a\" data-id=\"26d1546a\" data-element_type=\"column\" data-e-type=\"column\" data-settings=\"{&quot;background_background&quot;:&quot;classic&quot;}\">\n\t\t\t<div class=\"elementor-widget-wrap elementor-element-populated\">\n\t\t\t\t\t<div class=\"elementor-background-overlay\"><\/div>\n\t\t\t\t\t\t<section class=\"elementor-section elementor-inner-section elementor-element elementor-element-2cc9a6f6 elementor-section-full_width elementor-section-height-default elementor-section-height-default\" data-id=\"2cc9a6f6\" data-element_type=\"section\" data-e-type=\"section\">\n\t\t\t\t\t\t<div class=\"elementor-container elementor-column-gap-default\">\n\t\t\t\t\t<div class=\"elementor-column elementor-col-100 elementor-inner-column elementor-element elementor-element-1f25871f\" data-id=\"1f25871f\" data-element_type=\"column\" data-e-type=\"column\" data-settings=\"{&quot;background_background&quot;:&quot;classic&quot;}\">\n\t\t\t<div class=\"elementor-widget-wrap elementor-element-populated\">\n\t\t\t\t\t\t<div class=\"elementor-element elementor-element-1fb81dfd elementor-widget elementor-widget-spacer\" data-id=\"1fb81dfd\" data-element_type=\"widget\" data-e-type=\"widget\" data-widget_type=\"spacer.default\">\n\t\t\t\t<div class=\"elementor-widget-container\">\n\t\t\t\t\t\t\t<div class=\"elementor-spacer\">\n\t\t\t<div class=\"elementor-spacer-inner\"><\/div>\n\t\t<\/div>\n\t\t\t\t\t\t<\/div>\n\t\t\t\t<\/div>\n\t\t\t\t\t<\/div>\n\t\t<\/div>\n\t\t\t\t\t<\/div>\n\t\t<\/section>\n\t\t\t\t<section class=\"elementor-section elementor-inner-section elementor-element elementor-element-68095ca5 elementor-section-height-min-height elementor-section-boxed elementor-section-height-default\" data-id=\"68095ca5\" data-element_type=\"section\" data-e-type=\"section\" data-settings=\"{&quot;background_background&quot;:&quot;classic&quot;}\">\n\t\t\t\t\t\t<div class=\"elementor-container elementor-column-gap-default\">\n\t\t\t\t\t<div class=\"elementor-column elementor-col-100 elementor-inner-column elementor-element elementor-element-60a84bba\" data-id=\"60a84bba\" data-element_type=\"column\" data-e-type=\"column\" data-settings=\"{&quot;background_background&quot;:&quot;classic&quot;}\">\n\t\t\t<div class=\"elementor-widget-wrap elementor-element-populated\">\n\t\t\t\t\t\t<div class=\"elementor-element elementor-element-6ecdf102 elementor-widget elementor-widget-image\" data-id=\"6ecdf102\" data-element_type=\"widget\" data-e-type=\"widget\" data-widget_type=\"image.default\">\n\t\t\t\t<div class=\"elementor-widget-container\">\n\t\t\t\t\t\t\t\t\t\t\t\t\t\t\t<img fetchpriority=\"high\" decoding=\"async\" width=\"800\" height=\"375\" src=\"https:\/\/wes.com.pe\/wp-content\/uploads\/2024\/08\/Hidrogeoquimica-tecnologia-1024x480.png\" class=\"attachment-large size-large wp-image-5035\" alt=\"\" srcset=\"https:\/\/wes.com.pe\/wp-content\/uploads\/2024\/08\/Hidrogeoquimica-tecnologia-1024x480.png 1024w, https:\/\/wes.com.pe\/wp-content\/uploads\/2024\/08\/Hidrogeoquimica-tecnologia-300x141.png 300w, https:\/\/wes.com.pe\/wp-content\/uploads\/2024\/08\/Hidrogeoquimica-tecnologia-768x360.png 768w, https:\/\/wes.com.pe\/wp-content\/uploads\/2024\/08\/Hidrogeoquimica-tecnologia-1536x720.png 1536w, https:\/\/wes.com.pe\/wp-content\/uploads\/2024\/08\/Hidrogeoquimica-tecnologia-2048x960.png 2048w, https:\/\/wes.com.pe\/wp-content\/uploads\/2024\/08\/Hidrogeoquimica-tecnologia-18x8.png 18w\" sizes=\"(max-width: 800px) 100vw, 800px\" \/>\t\t\t\t\t\t\t\t\t\t\t\t\t\t\t<\/div>\n\t\t\t\t<\/div>\n\t\t\t\t<div class=\"elementor-element elementor-element-343cb788 elementor-widget elementor-widget-heading\" data-id=\"343cb788\" data-element_type=\"widget\" data-e-type=\"widget\" data-widget_type=\"heading.default\">\n\t\t\t\t<div class=\"elementor-widget-container\">\n\t\t\t\t\t<h2 class=\"elementor-heading-title elementor-size-large\">HIDROGEOQU\u00cdMICA Y NUEVAS TECNOLOG\u00cdAS <br>EN LA GESTI\u00d3N DE AGUAS SUBTERR\u00c1NEAS<\/h2>\t\t\t\t<\/div>\n\t\t\t\t<\/div>\n\t\t\t\t<div class=\"elementor-element elementor-element-1af32787 elementor-widget elementor-widget-text-editor\" data-id=\"1af32787\" data-element_type=\"widget\" data-e-type=\"widget\" data-widget_type=\"text-editor.default\">\n\t\t\t\t<div class=\"elementor-widget-container\">\n\t\t\t\t\t\t\t\t\t<p><span style=\"font-weight: 400;\">La crisis del agua potable es un desaf\u00edo cr\u00edtico en Per\u00fa, especialmente en regiones \u00e1ridas y semi\u00e1ridas. Con un aumento demogr\u00e1fico y los efectos cada vez m\u00e1s palpables del cambio clim\u00e1tico, la b\u00fasqueda de fuentes sostenibles de agua subterr\u00e1nea se ha convertido en una prioridad nacional. En este contexto, la hidrogeoqu\u00edmica y las tecnolog\u00edas de vanguardia emergen como herramientas esenciales para asegurar el acceso a este recurso vital.<\/span><\/p><p><b>La Hidrogeoqu\u00edmica en Per\u00fa: Pilar para la Gesti\u00f3n Sostenible del Agua<\/b><\/p><p><span style=\"font-weight: 400;\">La Hidrogeoqu\u00edmica, que estudia la composici\u00f3n qu\u00edmica del agua subterr\u00e1nea y su interacci\u00f3n con las rocas del subsuelo, es crucial para comprender y gestionar la calidad del agua en diversas regiones del pa\u00eds.<\/span><\/p><ol><li style=\"font-weight: 400;\" aria-level=\"1\"><b>Regiones \u00c1ridas y Semi\u00e1ridas<\/b><span style=\"font-weight: 400;\">: En zonas como la costa des\u00e9rtica, donde la disponibilidad de agua superficial es m\u00ednima, la hidrogeoqu\u00edmica es clave para identificar acu\u00edferos subterr\u00e1neos y evaluar su calidad, garantizando as\u00ed un suministro adecuado de agua potable.<\/span><\/li><li style=\"font-weight: 400;\" aria-level=\"1\"><b>Contaminaci\u00f3n Natural y Antropog\u00e9nica<\/b><span style=\"font-weight: 400;\">: En \u00e1reas mineras, esta disciplina permite detectar metales pesados y otros contaminantes que pueden comprometer la calidad del agua, facilitando la implementaci\u00f3n de estrategias de remediaci\u00f3n y protecci\u00f3n de las fuentes.<\/span><\/li><li style=\"font-weight: 400;\" aria-level=\"1\"><b>Acu\u00edferos Andinos<\/b><span style=\"font-weight: 400;\">: Los Andes peruanos albergan acu\u00edferos cruciales para muchas comunidades rurales. La hidrogeoqu\u00edmica ayuda a comprender la recarga y din\u00e1mica de estos acu\u00edferos, promoviendo su uso sostenible.<\/span><\/li><\/ol><p><b><br \/>Innovaci\u00f3n Tecnol\u00f3gica: Transformando la Gesti\u00f3n del Agua en Per\u00fa<\/b><\/p><p><span style=\"font-weight: 400;\">El avance de las tecnolog\u00edas ha optimizado la exploraci\u00f3n y gesti\u00f3n de las fuentes de agua subterr\u00e1nea en el pa\u00eds. Entre las m\u00e1s destacadas se encuentran:<\/span><\/p><ul><li aria-level=\"1\"><b>Sensores y Monitoreo en Tiempo Real<\/b><\/li><\/ul><p><span style=\"font-weight: 400;\">Estos dispositivos permiten un monitoreo continuo de par\u00e1metros cr\u00edticos del agua subterr\u00e1nea, como pH, conductividad y temperatura, facilitando una respuesta inmediata ante posibles contaminaciones.<\/span><b><\/b><\/p><ul><li aria-level=\"1\"><b>Espectrometr\u00eda de Masas y An\u00e1lisis Isot\u00f3pico<\/b><\/li><\/ul><p><span style=\"font-weight: 400;\">Estas t\u00e9cnicas proporcionan una identificaci\u00f3n precisa de la composici\u00f3n qu\u00edmica del agua y el origen de los contaminantes, siendo especialmente \u00fatiles para estudiar la edad del agua y las fuentes de recarga en acu\u00edferos andinos.<\/span><b><\/b><\/p><ul><li aria-level=\"1\"><b>Tecnolog\u00edas de Sensores Remotos<\/b><\/li><\/ul><p><span style=\"font-weight: 400;\">El uso de teledetecci\u00f3n y drones permite identificar \u00e1reas de recarga y descarga de acu\u00edferos, adem\u00e1s de monitorear cambios en el uso del suelo que puedan impactar la disponibilidad de agua subterr\u00e1nea.<br \/><br \/><\/span><\/p><p><b>Desaf\u00edos y Oportunidades en la Gesti\u00f3n del Agua Subterr\u00e1nea en Per\u00fa<\/b><\/p><p><span style=\"font-weight: 400;\">A pesar de la diversidad h\u00eddrica que caracteriza al pa\u00eds, la gesti\u00f3n de los recursos h\u00eddricos subterr\u00e1neos presenta retos significativos, especialmente en la costa, donde vive el 60% de la poblaci\u00f3n pero solo cuenta con el 2% del agua dulce disponible.<\/span><\/p><ul><li style=\"font-weight: 400;\" aria-level=\"1\"><b>Crecimiento Urbano y Demanda de Agua<\/b><span style=\"font-weight: 400;\">: La expansi\u00f3n urbana en ciudades como Lima y Trujillo aumenta la presi\u00f3n sobre los acu\u00edferos, subrayando la necesidad de una gesti\u00f3n sostenible y proactiva.<\/span><\/li><li style=\"font-weight: 400;\" aria-level=\"1\"><b>Impacto del Cambio Clim\u00e1tico<\/b><span style=\"font-weight: 400;\">: Las alteraciones en los patrones de precipitaci\u00f3n y el deshielo de los glaciares andinos, que alimentan muchos acu\u00edferos, destacan la importancia de las tecnolog\u00edas avanzadas para monitorear y gestionar eficazmente estos recursos.<br \/><br \/><\/span><\/li><\/ul><p><span style=\"font-weight: 400;\">En conclusi\u00f3n, la integraci\u00f3n de la hidrogeoqu\u00edmica y las nuevas tecnolog\u00edas ofrece soluciones robustas para la gesti\u00f3n sostenible del agua subterr\u00e1nea en Per\u00fa. Estas herramientas no solo aseguran la calidad y sostenibilidad del recurso, sino que tambi\u00e9n proporcionan una respuesta efectiva a los desaf\u00edos h\u00eddricos del pa\u00eds, convirti\u00e9ndose en una fuente de esperanza para millones de peruanos<\/span>.<\/p>\t\t\t\t\t\t\t\t<\/div>\n\t\t\t\t<\/div>\n\t\t\t\t<div class=\"elementor-element elementor-element-4b51ef54 elementor-align-left elementor-mobile-align-left elementor-widget elementor-widget-post-info\" data-id=\"4b51ef54\" data-element_type=\"widget\" data-e-type=\"widget\" data-widget_type=\"post-info.default\">\n\t\t\t\t<div class=\"elementor-widget-container\">\n\t\t\t\t\t\t\t<ul class=\"elementor-inline-items elementor-icon-list-items elementor-post-info\">\n\t\t\t\t\t\t\t\t<li class=\"elementor-icon-list-item elementor-repeater-item-0f7f339 elementor-inline-item\" itemprop=\"author\">\n\t\t\t\t\t\t<a href=\"https:\/\/wes.com.pe\/en\/author\/lizbeth-ponte\/\">\n\t\t\t\t\t\t\t\t\t\t\t<span class=\"elementor-icon-list-icon\">\n\t\t\t\t\t\t\t\t<i aria-hidden=\"true\" class=\"far fa-user-circle\"><\/i>\t\t\t\t\t\t\t<\/span>\n\t\t\t\t\t\t\t\t\t<span class=\"elementor-icon-list-text elementor-post-info__item elementor-post-info__item--type-author\">\n\t\t\t\t\t\t\t\t\t\tLizbeth Ponte\t\t\t\t\t<\/span>\n\t\t\t\t\t\t\t\t\t<\/a>\n\t\t\t\t<\/li>\n\t\t\t\t<li class=\"elementor-icon-list-item elementor-repeater-item-2a4b8bd elementor-inline-item\" itemprop=\"datePublished\">\n\t\t\t\t\t\t<a href=\"https:\/\/wes.com.pe\/en\/2024\/08\/13\/\">\n\t\t\t\t\t\t\t\t\t\t\t<span class=\"elementor-icon-list-icon\">\n\t\t\t\t\t\t\t\t<i aria-hidden=\"true\" class=\"fas fa-calendar\"><\/i>\t\t\t\t\t\t\t<\/span>\n\t\t\t\t\t\t\t\t\t<span class=\"elementor-icon-list-text elementor-post-info__item elementor-post-info__item--type-date\">\n\t\t\t\t\t\t\t\t\t\t<time>August 13, 2024<\/time>\t\t\t\t\t<\/span>\n\t\t\t\t\t\t\t\t\t<\/a>\n\t\t\t\t<\/li>\n\t\t\t\t<\/ul>\n\t\t\t\t\t\t<\/div>\n\t\t\t\t<\/div>\n\t\t\t\t<div class=\"elementor-element elementor-element-2e715e79 elementor-widget elementor-widget-heading\" data-id=\"2e715e79\" data-element_type=\"widget\" data-e-type=\"widget\" data-widget_type=\"heading.default\">\n\t\t\t\t<div class=\"elementor-widget-container\">\n\t\t\t\t\t<h2 class=\"elementor-heading-title elementor-size-default\">ARCHIVE<\/h2>\t\t\t\t<\/div>\n\t\t\t\t<\/div>\n\t\t\t\t<div class=\"elementor-element elementor-element-37b1862 elementor-grid-3 elementor-grid-tablet-2 elementor-grid-mobile-1 elementor-posts--thumbnail-top elementor-card-shadow-yes elementor-posts__hover-gradient elementor-widget elementor-widget-posts\" data-id=\"37b1862\" data-element_type=\"widget\" data-e-type=\"widget\" data-settings=\"{&quot;cards_masonry&quot;:&quot;yes&quot;,&quot;pagination_type&quot;:&quot;numbers_and_prev_next&quot;,&quot;cards_columns&quot;:&quot;3&quot;,&quot;cards_columns_tablet&quot;:&quot;2&quot;,&quot;cards_columns_mobile&quot;:&quot;1&quot;,&quot;cards_row_gap&quot;:{&quot;unit&quot;:&quot;px&quot;,&quot;size&quot;:35,&quot;sizes&quot;:[]},&quot;cards_row_gap_tablet&quot;:{&quot;unit&quot;:&quot;px&quot;,&quot;size&quot;:&quot;&quot;,&quot;sizes&quot;:[]},&quot;cards_row_gap_mobile&quot;:{&quot;unit&quot;:&quot;px&quot;,&quot;size&quot;:&quot;&quot;,&quot;sizes&quot;:[]}}\" data-widget_type=\"posts.cards\">\n\t\t\t\t<div class=\"elementor-widget-container\">\n\t\t\t\t\t\t\t<div class=\"elementor-posts-container elementor-posts elementor-posts--skin-cards elementor-grid\" role=\"list\">\n\t\t\t\t<article class=\"elementor-post elementor-grid-item post-5061 post type-post status-publish format-standard has-post-thumbnail hentry category-sp\" role=\"listitem\">\n\t\t\t<div class=\"elementor-post__card\">\n\t\t\t\t<a class=\"elementor-post__thumbnail__link\" href=\"https:\/\/wes.com.pe\/en\/gestion-integrada-de-cuencas-clave-para-la-agricultura-y-mineria\/\" tabindex=\"-1\" ><div class=\"elementor-post__thumbnail\"><img decoding=\"async\" width=\"800\" height=\"375\" src=\"https:\/\/wes.com.pe\/wp-content\/uploads\/2024\/09\/Gestion-de-cuencas-hidrograficas-1024x480.png\" class=\"attachment-large size-large wp-image-5062\" alt=\"\" srcset=\"https:\/\/wes.com.pe\/wp-content\/uploads\/2024\/09\/Gestion-de-cuencas-hidrograficas-1024x480.png 1024w, https:\/\/wes.com.pe\/wp-content\/uploads\/2024\/09\/Gestion-de-cuencas-hidrograficas-300x141.png 300w, https:\/\/wes.com.pe\/wp-content\/uploads\/2024\/09\/Gestion-de-cuencas-hidrograficas-768x360.png 768w, https:\/\/wes.com.pe\/wp-content\/uploads\/2024\/09\/Gestion-de-cuencas-hidrograficas-1536x720.png 1536w, https:\/\/wes.com.pe\/wp-content\/uploads\/2024\/09\/Gestion-de-cuencas-hidrograficas-18x8.png 18w, https:\/\/wes.com.pe\/wp-content\/uploads\/2024\/09\/Gestion-de-cuencas-hidrograficas.png 1920w\" sizes=\"(max-width: 800px) 100vw, 800px\" \/><\/div><\/a>\n\t\t\t\t<div class=\"elementor-post__text\">\n\t\t\t\t<h3 class=\"elementor-post__title\">\n\t\t\t<a href=\"https:\/\/wes.com.pe\/en\/gestion-integrada-de-cuencas-clave-para-la-agricultura-y-mineria\/\" >\n\t\t\t\tGESTI\u00d3N INTEGRADA DE CUENCAS: CLAVE PARA LA AGRICULTURA Y MINER\u00cdA\t\t\t<\/a>\n\t\t<\/h3>\n\t\t\n\t\t<a class=\"elementor-post__read-more\" href=\"https:\/\/wes.com.pe\/en\/gestion-integrada-de-cuencas-clave-para-la-agricultura-y-mineria\/\" aria-label=\"Read more about GESTI\u00d3N INTEGRADA DE CUENCAS: CLAVE PARA LA AGRICULTURA Y MINER\u00cdA\" tabindex=\"-1\" >\n\t\t\tRead more\t\t<\/a>\n\n\t\t\t\t<\/div>\n\t\t\t\t<div class=\"elementor-post__meta-data\">\n\t\t\t\t\t<span class=\"elementor-post-date\">\n\t\t\tSeptember 23, 2024\t\t<\/span>\n\t\t\t\t<span class=\"elementor-post-avatar\">\n\t\t\tNo Comments\t\t<\/span>\n\t\t\t\t<\/div>\n\t\t\t\t\t<\/div>\n\t\t<\/article>\n\t\t\t\t<article class=\"elementor-post elementor-grid-item post-5054 post type-post status-publish format-standard has-post-thumbnail hentry category-sp\" role=\"listitem\">\n\t\t\t<div class=\"elementor-post__card\">\n\t\t\t\t<a class=\"elementor-post__thumbnail__link\" href=\"https:\/\/wes.com.pe\/en\/economia-circular-claves-en-la-gestion-de-recursos-naturales\/\" tabindex=\"-1\" ><div class=\"elementor-post__thumbnail\"><img decoding=\"async\" width=\"800\" height=\"375\" src=\"https:\/\/wes.com.pe\/wp-content\/uploads\/2024\/09\/Mineria-y-Agricultura-1024x480.png\" class=\"attachment-large size-large wp-image-5055\" alt=\"\" srcset=\"https:\/\/wes.com.pe\/wp-content\/uploads\/2024\/09\/Mineria-y-Agricultura-1024x480.png 1024w, https:\/\/wes.com.pe\/wp-content\/uploads\/2024\/09\/Mineria-y-Agricultura-300x141.png 300w, https:\/\/wes.com.pe\/wp-content\/uploads\/2024\/09\/Mineria-y-Agricultura-768x360.png 768w, https:\/\/wes.com.pe\/wp-content\/uploads\/2024\/09\/Mineria-y-Agricultura-1536x720.png 1536w, https:\/\/wes.com.pe\/wp-content\/uploads\/2024\/09\/Mineria-y-Agricultura-18x8.png 18w, https:\/\/wes.com.pe\/wp-content\/uploads\/2024\/09\/Mineria-y-Agricultura.png 1920w\" sizes=\"(max-width: 800px) 100vw, 800px\" \/><\/div><\/a>\n\t\t\t\t<div class=\"elementor-post__text\">\n\t\t\t\t<h3 class=\"elementor-post__title\">\n\t\t\t<a href=\"https:\/\/wes.com.pe\/en\/economia-circular-claves-en-la-gestion-de-recursos-naturales\/\" >\n\t\t\t\tECONOM\u00cdA CIRCULAR: CLAVES EN LA GESTI\u00d3N DE RECURSOS NATURALES\t\t\t<\/a>\n\t\t<\/h3>\n\t\t\n\t\t<a class=\"elementor-post__read-more\" href=\"https:\/\/wes.com.pe\/en\/economia-circular-claves-en-la-gestion-de-recursos-naturales\/\" aria-label=\"Read more about ECONOM\u00cdA CIRCULAR: CLAVES EN LA GESTI\u00d3N DE RECURSOS NATURALES\" tabindex=\"-1\" >\n\t\t\tRead more\t\t<\/a>\n\n\t\t\t\t<\/div>\n\t\t\t\t<div class=\"elementor-post__meta-data\">\n\t\t\t\t\t<span class=\"elementor-post-date\">\n\t\t\tSeptember 16, 2024\t\t<\/span>\n\t\t\t\t<span class=\"elementor-post-avatar\">\n\t\t\tNo Comments\t\t<\/span>\n\t\t\t\t<\/div>\n\t\t\t\t\t<\/div>\n\t\t<\/article>\n\t\t\t\t<\/div>\n\t\t\n\t\t\t\t<div class=\"e-load-more-anchor\" data-page=\"1\" data-max-page=\"34\" data-next-page=\"https:\/\/wes.com.pe\/en\/wp-json\/wp\/v2\/posts\/5034\/page\/2\/\"><\/div>\n\t\t\t\t<nav class=\"elementor-pagination\" aria-label=\"Pagination\">\n\t\t\t<span class=\"page-numbers prev\">Previous<\/span>\n<span aria-current=\"page\" class=\"page-numbers current\"><span class=\"elementor-screen-only\">Page<\/span>1<\/span>\n<a class=\"page-numbers\" href=\"https:\/\/wes.com.pe\/en\/wp-json\/wp\/v2\/posts\/5034\/page\/2\/\"><span class=\"elementor-screen-only\">Page<\/span>2<\/a>\n<a class=\"page-numbers\" href=\"https:\/\/wes.com.pe\/en\/wp-json\/wp\/v2\/posts\/5034\/page\/3\/\"><span class=\"elementor-screen-only\">Page<\/span>3<\/a>\n<a class=\"page-numbers\" href=\"https:\/\/wes.com.pe\/en\/wp-json\/wp\/v2\/posts\/5034\/page\/4\/\"><span class=\"elementor-screen-only\">Page<\/span>4<\/a>\n<a class=\"page-numbers next\" href=\"https:\/\/wes.com.pe\/en\/wp-json\/wp\/v2\/posts\/5034\/page\/2\/\">Next<\/a>\t\t<\/nav>\n\t\t\t\t\t\t<\/div>\n\t\t\t\t<\/div>\n\t\t\t\t\t<\/div>\n\t\t<\/div>\n\t\t\t\t\t<\/div>\n\t\t<\/section>\n\t\t\t\t\t<\/div>\n\t\t<\/div>\n\t\t\t\t\t<\/div>\n\t\t<\/section>\n\t\t\t\t<\/div>","protected":false},"excerpt":{"rendered":"<p>En Per\u00fa, la hidrogeoqu\u00edmica y las nuevas tecnolog\u00edas est\u00e1n revolucionando la manera en que se identifica y gestiona el agua subterr\u00e1nea, garantizando la calidad y disponibilidad de este recurso vital en un contexto de creciente escasez.<\/p>","protected":false},"author":8,"featured_media":5035,"comment_status":"closed","ping_status":"open","sticky":false,"template":"","format":"standard","meta":{"footnotes":""},"categories":[27],"tags":[],"class_list":["post-5034","post","type-post","status-publish","format-standard","has-post-thumbnail","hentry","category-sp"],"aioseo_notices":[],"aioseo_head":"\n\t\t<!-- All in One SEO 5.0.0.1 - aioseo.com -->\n\t<meta name=\"description\" content=\"La econom\u00eda circular revoluciona la gesti\u00f3n de recursos al enfocarse en la reutilizaci\u00f3n, el reciclaje y la regeneraci\u00f3n, optimizando el uso de materiales y generando nuevas oportunidades econ\u00f3micas.\" \/>\n\t<meta name=\"robots\" content=\"max-image-preview:large\" \/>\n\t<meta name=\"author\" content=\"Lizbeth Ponte\"\/>\n\t<link rel=\"canonical\" href=\"https:\/\/wes.com.pe\/en\/economia-circular-claves-en-la-gestion-de-recursos-naturales\/\" \/>\n\t<meta name=\"generator\" content=\"All in One SEO (AIOSEO) 5.0.0.1\" \/>\n\t\t<meta property=\"og:locale\" content=\"en_US\" \/>\n\t\t<meta property=\"og:site_name\" content=\"WES PER\u00da - Consultora Ambiental\" \/>\n\t\t<meta property=\"og:type\" content=\"article\" \/>\n\t\t<meta property=\"og:title\" content=\"ECONOM\u00cdA CIRCULAR: CLAVES EN LA GESTI\u00d3N DE RECURSOS NATURALES - WES PER\u00da\" \/>\n\t\t<meta property=\"og:description\" content=\"La econom\u00eda circular revoluciona la gesti\u00f3n de recursos al enfocarse en la reutilizaci\u00f3n, el reciclaje y la regeneraci\u00f3n, optimizando el uso de materiales y generando nuevas oportunidades econ\u00f3micas.\" \/>\n\t\t<meta property=\"og:url\" content=\"https:\/\/wes.com.pe\/en\/economia-circular-claves-en-la-gestion-de-recursos-naturales\/\" \/>\n\t\t<meta property=\"og:image\" content=\"https:\/\/wes.com.pe\/wp-content\/uploads\/2024\/09\/Mineria-y-Agricultura.png\" \/>\n\t\t<meta property=\"og:image:secure_url\" content=\"https:\/\/wes.com.pe\/wp-content\/uploads\/2024\/09\/Mineria-y-Agricultura.png\" \/>\n\t\t<meta property=\"og:image:width\" content=\"1920\" \/>\n\t\t<meta property=\"og:image:height\" content=\"900\" \/>\n\t\t<meta property=\"article:published_time\" content=\"2024-09-16T14:39:13+00:00\" \/>\n\t\t<meta property=\"article:modified_time\" content=\"2024-09-16T14:40:43+00:00\" \/>\n\t\t<meta name=\"twitter:card\" content=\"summary\" \/>\n\t\t<meta name=\"twitter:title\" content=\"ECONOM\u00cdA CIRCULAR: CLAVES EN LA GESTI\u00d3N DE RECURSOS NATURALES - WES PER\u00da\" \/>\n\t\t<meta name=\"twitter:description\" content=\"La econom\u00eda circular revoluciona la gesti\u00f3n de recursos al enfocarse en la reutilizaci\u00f3n, el reciclaje y la regeneraci\u00f3n, optimizando el uso de materiales y generando nuevas oportunidades econ\u00f3micas.\" \/>\n\t\t<meta name=\"twitter:image\" content=\"https:\/\/wes.com.pe\/wp-content\/uploads\/2023\/11\/WES-BLOG-Cambio-climatico-1-2-e1700168836106.png\" \/>\n\t\t<script type=\"application\/ld+json\" class=\"aioseo-schema\">\n\t\t\t{\"@context\":\"https:\\\/\\\/schema.org\",\"@graph\":[{\"@type\":\"BlogPosting\",\"@id\":\"https:\\\/\\\/wes.com.pe\\\/en\\\/economia-circular-claves-en-la-gestion-de-recursos-naturales\\\/#blogposting\",\"name\":\"ECONOM\\u00cdA CIRCULAR: CLAVES EN LA GESTI\\u00d3N DE RECURSOS NATURALES - WES PER\\u00da\",\"headline\":\"ECONOM\\u00cdA CIRCULAR: CLAVES EN LA GESTI\\u00d3N DE RECURSOS NATURALES\",\"author\":{\"@id\":\"https:\\\/\\\/wes.com.pe\\\/en\\\/author\\\/lizbeth-ponte\\\/#author\"},\"publisher\":{\"@id\":\"https:\\\/\\\/wes.com.pe\\\/en\\\/#organization\"},\"image\":{\"@type\":\"ImageObject\",\"url\":\"https:\\\/\\\/wes.com.pe\\\/wp-content\\\/uploads\\\/2024\\\/09\\\/Mineria-y-Agricultura.png\",\"width\":1920,\"height\":900},\"datePublished\":\"2024-09-16T14:39:13+00:00\",\"dateModified\":\"2024-09-16T14:40:43+00:00\",\"inLanguage\":\"en-US\",\"mainEntityOfPage\":{\"@id\":\"https:\\\/\\\/wes.com.pe\\\/en\\\/economia-circular-claves-en-la-gestion-de-recursos-naturales\\\/#webpage\"},\"isPartOf\":{\"@id\":\"https:\\\/\\\/wes.com.pe\\\/en\\\/economia-circular-claves-en-la-gestion-de-recursos-naturales\\\/#webpage\"},\"articleSection\":\"Espa\\u00f1ol\"},{\"@type\":\"BreadcrumbList\",\"@id\":\"https:\\\/\\\/wes.com.pe\\\/en\\\/economia-circular-claves-en-la-gestion-de-recursos-naturales\\\/#breadcrumblist\",\"itemListElement\":[{\"@type\":\"ListItem\",\"@id\":\"https:\\\/\\\/wes.com.pe\\\/en#listItem\",\"position\":1,\"name\":\"Inicio\",\"item\":\"https:\\\/\\\/wes.com.pe\\\/en\",\"nextItem\":{\"@type\":\"ListItem\",\"@id\":\"https:\\\/\\\/wes.com.pe\\\/en\\\/category\\\/sp\\\/#listItem\",\"name\":\"Espa\\u00f1ol\"}},{\"@type\":\"ListItem\",\"@id\":\"https:\\\/\\\/wes.com.pe\\\/en\\\/category\\\/sp\\\/#listItem\",\"position\":2,\"name\":\"Espa\\u00f1ol\",\"item\":\"https:\\\/\\\/wes.com.pe\\\/en\\\/category\\\/sp\\\/\",\"nextItem\":{\"@type\":\"ListItem\",\"@id\":\"https:\\\/\\\/wes.com.pe\\\/en\\\/hidrogeoquimica-y-nuevas-tecnologias-en-la-gestion-de-aguas-subterraneas\\\/#listItem\",\"name\":\"HIDROGEOQU\\u00cdMICA Y NUEVAS TECNOLOG\\u00cdAS EN LA GESTI\\u00d3N DE AGUAS SUBTERR\\u00c1NEAS\"},\"previousItem\":{\"@type\":\"ListItem\",\"@id\":\"https:\\\/\\\/wes.com.pe\\\/en#listItem\",\"name\":\"Inicio\"}},{\"@type\":\"ListItem\",\"@id\":\"https:\\\/\\\/wes.com.pe\\\/en\\\/hidrogeoquimica-y-nuevas-tecnologias-en-la-gestion-de-aguas-subterraneas\\\/#listItem\",\"position\":3,\"name\":\"HIDROGEOQU\\u00cdMICA Y NUEVAS TECNOLOG\\u00cdAS EN LA GESTI\\u00d3N DE AGUAS SUBTERR\\u00c1NEAS\",\"previousItem\":{\"@type\":\"ListItem\",\"@id\":\"https:\\\/\\\/wes.com.pe\\\/en\\\/category\\\/sp\\\/#listItem\",\"name\":\"Espa\\u00f1ol\"}}]},{\"@type\":\"Organization\",\"@id\":\"https:\\\/\\\/wes.com.pe\\\/en\\\/#organization\",\"name\":\"WES PER\\u00da\",\"description\":\"Consultora Ambiental\",\"url\":\"https:\\\/\\\/wes.com.pe\\\/en\\\/\",\"telephone\":\"+51985544885\",\"logo\":{\"@type\":\"ImageObject\",\"url\":\"http:\\\/\\\/wes.com.pe\\\/wp-content\\\/uploads\\\/2021\\\/11\\\/logo-wes-1024x509.png\",\"@id\":\"https:\\\/\\\/wes.com.pe\\\/en\\\/economia-circular-claves-en-la-gestion-de-recursos-naturales\\\/#organizationLogo\"},\"image\":{\"@id\":\"https:\\\/\\\/wes.com.pe\\\/en\\\/economia-circular-claves-en-la-gestion-de-recursos-naturales\\\/#organizationLogo\"}},{\"@type\":\"Person\",\"@id\":\"https:\\\/\\\/wes.com.pe\\\/en\\\/author\\\/lizbeth-ponte\\\/#author\",\"url\":\"https:\\\/\\\/wes.com.pe\\\/en\\\/author\\\/lizbeth-ponte\\\/\",\"name\":\"Lizbeth Ponte\",\"image\":{\"@type\":\"ImageObject\",\"@id\":\"https:\\\/\\\/wes.com.pe\\\/en\\\/economia-circular-claves-en-la-gestion-de-recursos-naturales\\\/#authorImage\",\"url\":\"https:\\\/\\\/secure.gravatar.com\\\/avatar\\\/f7e9022bed305dd95c4db293f70ad52d346367e81e85efa3c933e79033bb8753?s=96&d=mm&r=g\",\"width\":96,\"height\":96,\"caption\":\"Lizbeth Ponte\"}},{\"@type\":\"WebPage\",\"@id\":\"https:\\\/\\\/wes.com.pe\\\/en\\\/economia-circular-claves-en-la-gestion-de-recursos-naturales\\\/#webpage\",\"url\":\"https:\\\/\\\/wes.com.pe\\\/en\\\/economia-circular-claves-en-la-gestion-de-recursos-naturales\\\/\",\"name\":\"ECONOM\\u00cdA CIRCULAR: CLAVES EN LA GESTI\\u00d3N DE RECURSOS NATURALES - WES PER\\u00da\",\"description\":\"La econom\\u00eda circular revoluciona la gesti\\u00f3n de recursos al enfocarse en la reutilizaci\\u00f3n, el reciclaje y la regeneraci\\u00f3n, optimizando el uso de materiales y generando nuevas oportunidades econ\\u00f3micas.\",\"inLanguage\":\"en-US\",\"isPartOf\":{\"@id\":\"https:\\\/\\\/wes.com.pe\\\/en\\\/#website\"},\"breadcrumb\":{\"@id\":\"https:\\\/\\\/wes.com.pe\\\/en\\\/economia-circular-claves-en-la-gestion-de-recursos-naturales\\\/#breadcrumblist\"},\"author\":{\"@id\":\"https:\\\/\\\/wes.com.pe\\\/en\\\/author\\\/lizbeth-ponte\\\/#author\"},\"creator\":{\"@id\":\"https:\\\/\\\/wes.com.pe\\\/en\\\/author\\\/lizbeth-ponte\\\/#author\"},\"image\":{\"@type\":\"ImageObject\",\"url\":\"https:\\\/\\\/wes.com.pe\\\/wp-content\\\/uploads\\\/2024\\\/09\\\/Mineria-y-Agricultura.png\",\"@id\":\"https:\\\/\\\/wes.com.pe\\\/en\\\/economia-circular-claves-en-la-gestion-de-recursos-naturales\\\/#mainImage\",\"width\":1920,\"height\":900},\"primaryImageOfPage\":{\"@id\":\"https:\\\/\\\/wes.com.pe\\\/en\\\/economia-circular-claves-en-la-gestion-de-recursos-naturales\\\/#mainImage\"},\"datePublished\":\"2024-09-16T14:39:13+00:00\",\"dateModified\":\"2024-09-16T14:40:43+00:00\"},{\"@type\":\"WebSite\",\"@id\":\"https:\\\/\\\/wes.com.pe\\\/en\\\/#website\",\"url\":\"https:\\\/\\\/wes.com.pe\\\/en\\\/\",\"name\":\"WES PER\\u00da\",\"description\":\"Consultora Ambiental\",\"inLanguage\":\"en-US\",\"publisher\":{\"@id\":\"https:\\\/\\\/wes.com.pe\\\/en\\\/#organization\"}}]}\n\t\t<\/script>\n\t\t<!-- All in One SEO -->\n\n","aioseo_head_json":{"title":"ECONOM\u00cdA CIRCULAR: CLAVES EN LA GESTI\u00d3N DE RECURSOS NATURALES - WES PER\u00da","description":"La econom\u00eda circular revoluciona la gesti\u00f3n de recursos al enfocarse en la reutilizaci\u00f3n, el reciclaje y la regeneraci\u00f3n, optimizando el uso de materiales y generando nuevas oportunidades econ\u00f3micas.","canonical_url":"https:\/\/wes.com.pe\/en\/economia-circular-claves-en-la-gestion-de-recursos-naturales\/","robots":"max-image-preview:large","keywords":"","webmasterTools":{"miscellaneous":""},"schema":{"@context":"https:\/\/schema.org","@graph":[{"@type":"BlogPosting","@id":"https:\/\/wes.com.pe\/en\/economia-circular-claves-en-la-gestion-de-recursos-naturales\/#blogposting","name":"ECONOM\u00cdA CIRCULAR: CLAVES EN LA GESTI\u00d3N DE RECURSOS NATURALES - WES PER\u00da","headline":"ECONOM\u00cdA CIRCULAR: CLAVES EN LA GESTI\u00d3N DE RECURSOS NATURALES","author":{"@id":"https:\/\/wes.com.pe\/en\/author\/lizbeth-ponte\/#author"},"publisher":{"@id":"https:\/\/wes.com.pe\/en\/#organization"},"image":{"@type":"ImageObject","url":"https:\/\/wes.com.pe\/wp-content\/uploads\/2024\/09\/Mineria-y-Agricultura.png","width":1920,"height":900},"datePublished":"2024-09-16T14:39:13+00:00","dateModified":"2024-09-16T14:40:43+00:00","inLanguage":"en-US","mainEntityOfPage":{"@id":"https:\/\/wes.com.pe\/en\/economia-circular-claves-en-la-gestion-de-recursos-naturales\/#webpage"},"isPartOf":{"@id":"https:\/\/wes.com.pe\/en\/economia-circular-claves-en-la-gestion-de-recursos-naturales\/#webpage"},"articleSection":"Espa\u00f1ol"},{"@type":"BreadcrumbList","@id":"https:\/\/wes.com.pe\/en\/economia-circular-claves-en-la-gestion-de-recursos-naturales\/#breadcrumblist","itemListElement":[{"@type":"ListItem","@id":"https:\/\/wes.com.pe\/en#listItem","position":1,"name":"Inicio","item":"https:\/\/wes.com.pe\/en","nextItem":{"@type":"ListItem","@id":"https:\/\/wes.com.pe\/en\/category\/sp\/#listItem","name":"Espa\u00f1ol"}},{"@type":"ListItem","@id":"https:\/\/wes.com.pe\/en\/category\/sp\/#listItem","position":2,"name":"Espa\u00f1ol","item":"https:\/\/wes.com.pe\/en\/category\/sp\/","nextItem":{"@type":"ListItem","@id":"https:\/\/wes.com.pe\/en\/hidrogeoquimica-y-nuevas-tecnologias-en-la-gestion-de-aguas-subterraneas\/#listItem","name":"HIDROGEOQU\u00cdMICA Y NUEVAS TECNOLOG\u00cdAS EN LA GESTI\u00d3N DE AGUAS SUBTERR\u00c1NEAS"},"previousItem":{"@type":"ListItem","@id":"https:\/\/wes.com.pe\/en#listItem","name":"Inicio"}},{"@type":"ListItem","@id":"https:\/\/wes.com.pe\/en\/hidrogeoquimica-y-nuevas-tecnologias-en-la-gestion-de-aguas-subterraneas\/#listItem","position":3,"name":"HIDROGEOQU\u00cdMICA Y NUEVAS TECNOLOG\u00cdAS EN LA GESTI\u00d3N DE AGUAS SUBTERR\u00c1NEAS","previousItem":{"@type":"ListItem","@id":"https:\/\/wes.com.pe\/en\/category\/sp\/#listItem","name":"Espa\u00f1ol"}}]},{"@type":"Organization","@id":"https:\/\/wes.com.pe\/en\/#organization","name":"WES PER\u00da","description":"Consultora Ambiental","url":"https:\/\/wes.com.pe\/en\/","telephone":"+51985544885","logo":{"@type":"ImageObject","url":"http:\/\/wes.com.pe\/wp-content\/uploads\/2021\/11\/logo-wes-1024x509.png","@id":"https:\/\/wes.com.pe\/en\/economia-circular-claves-en-la-gestion-de-recursos-naturales\/#organizationLogo"},"image":{"@id":"https:\/\/wes.com.pe\/en\/economia-circular-claves-en-la-gestion-de-recursos-naturales\/#organizationLogo"}},{"@type":"Person","@id":"https:\/\/wes.com.pe\/en\/author\/lizbeth-ponte\/#author","url":"https:\/\/wes.com.pe\/en\/author\/lizbeth-ponte\/","name":"Lizbeth Ponte","image":{"@type":"ImageObject","@id":"https:\/\/wes.com.pe\/en\/economia-circular-claves-en-la-gestion-de-recursos-naturales\/#authorImage","url":"https:\/\/secure.gravatar.com\/avatar\/f7e9022bed305dd95c4db293f70ad52d346367e81e85efa3c933e79033bb8753?s=96&d=mm&r=g","width":96,"height":96,"caption":"Lizbeth Ponte"}},{"@type":"WebPage","@id":"https:\/\/wes.com.pe\/en\/economia-circular-claves-en-la-gestion-de-recursos-naturales\/#webpage","url":"https:\/\/wes.com.pe\/en\/economia-circular-claves-en-la-gestion-de-recursos-naturales\/","name":"ECONOM\u00cdA CIRCULAR: CLAVES EN LA GESTI\u00d3N DE RECURSOS NATURALES - WES PER\u00da","description":"La econom\u00eda circular revoluciona la gesti\u00f3n de recursos al enfocarse en la reutilizaci\u00f3n, el reciclaje y la regeneraci\u00f3n, optimizando el uso de materiales y generando nuevas oportunidades econ\u00f3micas.","inLanguage":"en-US","isPartOf":{"@id":"https:\/\/wes.com.pe\/en\/#website"},"breadcrumb":{"@id":"https:\/\/wes.com.pe\/en\/economia-circular-claves-en-la-gestion-de-recursos-naturales\/#breadcrumblist"},"author":{"@id":"https:\/\/wes.com.pe\/en\/author\/lizbeth-ponte\/#author"},"creator":{"@id":"https:\/\/wes.com.pe\/en\/author\/lizbeth-ponte\/#author"},"image":{"@type":"ImageObject","url":"https:\/\/wes.com.pe\/wp-content\/uploads\/2024\/09\/Mineria-y-Agricultura.png","@id":"https:\/\/wes.com.pe\/en\/economia-circular-claves-en-la-gestion-de-recursos-naturales\/#mainImage","width":1920,"height":900},"primaryImageOfPage":{"@id":"https:\/\/wes.com.pe\/en\/economia-circular-claves-en-la-gestion-de-recursos-naturales\/#mainImage"},"datePublished":"2024-09-16T14:39:13+00:00","dateModified":"2024-09-16T14:40:43+00:00"},{"@type":"WebSite","@id":"https:\/\/wes.com.pe\/en\/#website","url":"https:\/\/wes.com.pe\/en\/","name":"WES PER\u00da","description":"Consultora Ambiental","inLanguage":"en-US","publisher":{"@id":"https:\/\/wes.com.pe\/en\/#organization"}}]},"og:locale":"en_US","og:site_name":"WES PER\u00da - Consultora Ambiental","og:type":"article","og:title":"ECONOM\u00cdA CIRCULAR: CLAVES EN LA GESTI\u00d3N DE RECURSOS NATURALES - WES PER\u00da","og:description":"La econom\u00eda circular revoluciona la gesti\u00f3n de recursos al enfocarse en la reutilizaci\u00f3n, el reciclaje y la regeneraci\u00f3n, optimizando el uso de materiales y generando nuevas oportunidades econ\u00f3micas.","og:url":"https:\/\/wes.com.pe\/en\/economia-circular-claves-en-la-gestion-de-recursos-naturales\/","og:image":"https:\/\/wes.com.pe\/wp-content\/uploads\/2024\/09\/Mineria-y-Agricultura.png","og:image:secure_url":"https:\/\/wes.com.pe\/wp-content\/uploads\/2024\/09\/Mineria-y-Agricultura.png","og:image:width":"1920","og:image:height":"900","article:published_time":"2024-09-16T14:39:13+00:00","article:modified_time":"2024-09-16T14:40:43+00:00","twitter:card":"summary","twitter:title":"ECONOM\u00cdA CIRCULAR: CLAVES EN LA GESTI\u00d3N DE RECURSOS NATURALES - WES PER\u00da","twitter:description":"La econom\u00eda circular revoluciona la gesti\u00f3n de recursos al enfocarse en la reutilizaci\u00f3n, el reciclaje y la regeneraci\u00f3n, optimizando el uso de materiales y generando nuevas oportunidades econ\u00f3micas.","twitter:image":"https:\/\/wes.com.pe\/wp-content\/uploads\/2023\/11\/WES-BLOG-Cambio-climatico-1-2-e1700168836106.png"},"aioseo_meta_data":{"post_id":"5034","title":null,"description":null,"keywords":[],"keyphrases":{"focus":{"keyphrase":"","score":0,"analysis":{"keyphraseInTitle":{"score":0,"maxScore":9,"error":1}}},"additional":[]},"primary_term":null,"canonical_url":null,"og_title":"#post_title #separator_sa #site_title","og_description":null,"og_object_type":"default","og_image_type":"featured","og_image_url":"http:\/\/wes.com.pe\/wp-content\/uploads\/2024\/08\/Hidrogeoquimica-tecnologia.png","og_image_width":"8000","og_image_height":"3750","og_image_custom_url":null,"og_image_custom_fields":null,"og_video":"","og_custom_url":null,"og_article_section":null,"og_article_tags":[],"twitter_use_og":false,"twitter_card":"default","twitter_image_type":"custom_image","twitter_image_url":"http:\/\/wes.com.pe\/wp-content\/uploads\/2023\/11\/WES-BLOG-Cambio-climatico-1-2-e1700168836106.png","twitter_image_custom_url":"http:\/\/wes.com.pe\/wp-content\/uploads\/2023\/11\/WES-BLOG-Cambio-climatico-1-2-e1700168836106.png","twitter_image_custom_fields":null,"twitter_title":"#post_title #separator_sa #site_title","twitter_description":null,"schema":{"blockGraphs":[],"customGraphs":[],"default":{"data":{"Article":[],"Course":[],"Dataset":[],"FAQPage":[],"Movie":[],"Person":[],"Product":[],"ProductReview":[],"Car":[],"Recipe":[],"Service":[],"SoftwareApplication":[],"WebPage":[]},"graphName":"BlogPosting","isEnabled":true},"graphs":[]},"schema_type":"default","schema_type_options":null,"pillar_content":false,"robots_default":true,"robots_noindex":false,"robots_noarchive":false,"robots_nosnippet":false,"robots_nofollow":false,"robots_noimageindex":false,"robots_noodp":false,"robots_notranslate":false,"robots_max_snippet":"-1","robots_max_videopreview":"-1","robots_max_imagepreview":"large","priority":null,"frequency":"default","local_seo":null,"breadcrumb_settings":null,"limit_modified_date":false,"ai":null,"created":"2024-08-13 16:19:25","updated":"2025-07-04 16:43:58","focus_keyword":null,"additional_keywords":null,"truseo_locale":null,"seo_analyzer_scan_date":null},"aioseo_breadcrumb":"<div class=\"aioseo-breadcrumbs\"><span class=\"aioseo-breadcrumb\">\n\t\t\t<a href=\"https:\/\/wes.com.pe\/en\" title=\"Inicio\">Inicio<\/a>\n\t\t<\/span><span class=\"aioseo-breadcrumb-separator\">&raquo;<\/span><span class=\"aioseo-breadcrumb\">\n\t\t\t<a href=\"https:\/\/wes.com.pe\/en\/category\/sp\/\" title=\"Espa\u00f1ol\">Espa\u00f1ol<\/a>\n\t\t<\/span><span class=\"aioseo-breadcrumb-separator\">&raquo;<\/span><span class=\"aioseo-breadcrumb\">\n\t\t\tHIDROGEOQU\u00cdMICA Y NUEVAS TECNOLOG\u00cdAS EN LA GESTI\u00d3N DE AGUAS SUBTERR\u00c1NEAS\n\t\t<\/span><\/div>","aioseo_breadcrumb_json":[{"label":"Inicio","link":"https:\/\/wes.com.pe\/en"},{"label":"Espa\u00f1ol","link":"https:\/\/wes.com.pe\/en\/category\/sp\/"},{"label":"HIDROGEOQU\u00cdMICA Y NUEVAS TECNOLOG\u00cdAS EN LA GESTI\u00d3N DE AGUAS SUBTERR\u00c1NEAS","link":"https:\/\/wes.com.pe\/en\/hidrogeoquimica-y-nuevas-tecnologias-en-la-gestion-de-aguas-subterraneas\/"}],"_links":{"self":[{"href":"https:\/\/wes.com.pe\/en\/wp-json\/wp\/v2\/posts\/5034","targetHints":{"allow":["GET"]}}],"collection":[{"href":"https:\/\/wes.com.pe\/en\/wp-json\/wp\/v2\/posts"}],"about":[{"href":"https:\/\/wes.com.pe\/en\/wp-json\/wp\/v2\/types\/post"}],"author":[{"embeddable":true,"href":"https:\/\/wes.com.pe\/en\/wp-json\/wp\/v2\/users\/8"}],"replies":[{"embeddable":true,"href":"https:\/\/wes.com.pe\/en\/wp-json\/wp\/v2\/comments?post=5034"}],"version-history":[{"count":4,"href":"https:\/\/wes.com.pe\/en\/wp-json\/wp\/v2\/posts\/5034\/revisions"}],"predecessor-version":[{"id":5039,"href":"https:\/\/wes.com.pe\/en\/wp-json\/wp\/v2\/posts\/5034\/revisions\/5039"}],"wp:featuredmedia":[{"embeddable":true,"href":"https:\/\/wes.com.pe\/en\/wp-json\/wp\/v2\/media\/5035"}],"wp:attachment":[{"href":"https:\/\/wes.com.pe\/en\/wp-json\/wp\/v2\/media?parent=5034"}],"wp:term":[{"taxonomy":"category","embeddable":true,"href":"https:\/\/wes.com.pe\/en\/wp-json\/wp\/v2\/categories?post=5034"},{"taxonomy":"post_tag","embeddable":true,"href":"https:\/\/wes.com.pe\/en\/wp-json\/wp\/v2\/tags?post=5034"}],"curies":[{"name":"wp","href":"https:\/\/api.w.org\/{rel}","templated":true}]}}